{"id":4379,"date":"2023-05-06T11:51:18","date_gmt":"2023-05-06T09:51:18","guid":{"rendered":"https:\/\/www.caravaning-esguard.com\/?p=4379"},"modified":"2026-01-19T11:34:00","modified_gmt":"2026-01-19T10:34:00","slug":"aparcar-o-pernoctar-amb-autocaravana","status":"publish","type":"post","link":"https:\/\/www.caravaning-esguard.com\/en\/aparcar-o-pernoctar-amb-autocaravana\/","title":{"rendered":"Aparcar o pernoctar amb autocaravana"},"content":{"rendered":"<h2 style=\"text-align: center;\">Aparcar\u2026 pernoctar\u2026 problema a la vista?<\/h2>\n<h3>En absolut!<\/h3>\n<p>Anem a pams&#8230;<\/p>\n<p>Viatjar en autocaravana \u00e9s viatjar amb un vehicle gran. Tingues en compte que ara mesures de 6 a 7 metres de mitjana i 2 metres 20 cent\u00edmetres d&#8217;ample. Has de triar b\u00e9 els llocs per a aparcar sense sorpreses com ara grand\u00e0ria de places, restriccions d&#8217;altura o dificultats per a maniobrar.<\/p>\n<p>Nosaltres t&#8217;aconsellem el seg\u00fcent:<\/p>\n<ul>\n<li>Aparcar l&#8217;autocaravana als afores en poblacions petites.<\/li>\n<li>Saber quant mesura la teva autocaravana per a tenir en compte barreres d&#8217;al\u00e7ada o branques d&#8217;arbres.<\/li>\n<li>Si existeix \u00e0rea d&#8217;autocaravanes en el lloc que visitar\u00e0s, aparca all\u00e0.<\/li>\n<\/ul>\n<h3>Pernoctar, el que m\u00e9s preocupa quan viatges en autocaravana<\/h3>\n<p style=\"text-align: justify;\">Trobar llocs habilitats i com fer \u00fas d&#8217;ells \u00e9s b\u00e0sic a l&#8217;hora de planificar un viatge.<\/p>\n<p style=\"text-align: justify;\"><strong>L&#8217;acampada lliure est\u00e0 prohibida a Espanya<\/strong>. Les caravanes i autocaravanes nom\u00e9s <strong>poden acampar en c\u00e0mpings i \u00e0rees de servei espec\u00edfiques designades per a aquest fi<\/strong>.<\/p>\n<p style=\"text-align: justify;\" class=\"translation-block\">Aix\u00ed mateix, es pot acampar amb remolc-habitatge (caravana) en un terreny quan existeixi el <strong>senyal S-113 (Terreny per a remolcs-habitatge)<\/strong>.<\/p>\n<p style=\"text-align: justify;\" class=\"translation-block\">Quant a la&nbsp;<strong>pernocta en autocaravanes i caravanes<\/strong>,&nbsp;la normativa espanyola estableix que <strong>no es pot acampar ni pernoctar a la via p\u00fablica, excepte en llocs habilitats per fer-ho<\/strong>.<\/p>\n<p style=\"text-align: justify;\" class=\"translation-block\"><strong>En general, est\u00e0 prohibit pernoctar a \u00e0rees de servei d\u2019autopistes, autovies i en aparcaments p\u00fablics<\/strong>. A m\u00e9s, no \u00e9s molt recomanable, ja que aquests llocs s\u00f3n insegurs per a aquest tipus de vehicles perqu\u00e8 estan exposats a robatoris.<\/p>\n<p style=\"text-align: justify;\" class=\"translation-block\">No obstant aix\u00f2, <strong>existeixen excepcions per a les autocaravanes i caravanes en algunes comunitats aut\u00f2nomes<\/strong> que permeten pernoctar en llocs espec\u00edfics durant un temps determinat.<\/p>\n<p style=\"text-align: justify;\" class=\"translation-block\">Per exemple, en algunes zones de<strong> Catalunya, es permet la pernocta en zones d\u2019aparcament espec\u00edfiques per a autocaravanes durant un m\u00e0xim de 48 hores<\/strong>.<\/p>\n<p>A part d&#8217;aplicar correctament la legislaci\u00f3, et recomanem el seg\u00fcent:<\/p>\n<ul>\n<li>Fes un \u00fas raonable dels espais de pernocta i aparcament, aparcant correctament.<\/li>\n<li>No embrutis l&#8217;entorn; descarrega aig\u00fces en els llocs indicats.<\/li>\n<li style=\"text-align: justify;\">No acaparis els aparcaments en temporada alta. Tots tenim dret a gaudir dels espais d&#8217;aparcament, tant locals com visitants. Procura canviar d&#8217;aparcament cada 24 o 48 hores a llocs on hi hagi molt turisme.<\/li>\n<\/ul>\n<h3>Gaudeix de la teva autocaravana sense por: una experi\u00e8ncia inoblidable que segur repetir\u00e0s<\/h3>\n<p><img fetchpriority=\"high\" decoding=\"async\" class=\"aligncenter wp-image-4380 size-full\" src=\"https:\/\/www.caravaning-esguard.com\/wp-content\/uploads\/2023\/05\/Caravaning-Esguard-Blog-Aparcar-o-pernoctar-amb-autocaravana.jpg\" alt=\"\" width=\"960\" height=\"640\" srcset=\"https:\/\/www.caravaning-esguard.com\/wp-content\/uploads\/2023\/05\/Caravaning-Esguard-Blog-Aparcar-o-pernoctar-amb-autocaravana.jpg 960w, https:\/\/www.caravaning-esguard.com\/wp-content\/uploads\/2023\/05\/Caravaning-Esguard-Blog-Aparcar-o-pernoctar-amb-autocaravana-300x200.jpg 300w, https:\/\/www.caravaning-esguard.com\/wp-content\/uploads\/2023\/05\/Caravaning-Esguard-Blog-Aparcar-o-pernoctar-amb-autocaravana-768x512.jpg 768w\" sizes=\"(max-width: 960px) 100vw, 960px\" \/><\/p>","protected":false},"excerpt":{"rendered":"<p>Aparcar\u2026 pernoctar\u2026 problema a la vista? En absolut! Viatjar en autocaravana \u00e9s viatjar amb un vehicle gran. Tingues en compte que ara mesures de 6 a 7 metres de mitjana i 2 metres 20 cent\u00edmetres d&#8217;ample. Has de triar b\u00e9 els llocs per a aparcar sense sorpreses com ara grand\u00e0ria de places, restriccions d&#8217;altura o dificultats per a maniobrar.<\/p>","protected":false},"author":1,"featured_media":4380,"comment_status":"closed","ping_status":"closed","sticky":false,"template":"","format":"standard","meta":{"footnotes":""},"categories":[1],"tags":[],"class_list":["post-4379","post","type-post","status-publish","format-standard","has-post-thumbnail","hentry","category-blog"],"yoast_head":"<!-- This site is optimized with the Yoast SEO plugin v27.5 - https:\/\/yoast.com\/product\/yoast-seo-wordpress\/ -->\n<title>Aparcar o pernoctar amb autocaravana - Caravaning Esguard<\/title>\n<meta name=\"robots\" content=\"index, follow, max-snippet:-1, max-image-preview:large, max-video-preview:-1\" \/>\n<link rel=\"canonical\" href=\"https:\/\/www.caravaning-esguard.com\/en\/aparcar-o-pernoctar-amb-autocaravana\/\" \/>\n<meta property=\"og:locale\" content=\"en_GB\" \/>\n<meta property=\"og:type\" content=\"article\" \/>\n<meta property=\"og:title\" content=\"Aparcar o pernoctar amb autocaravana - Caravaning Esguard\" \/>\n<meta property=\"og:description\" content=\"Aparcar\u2026 pernoctar\u2026 problema a la vista? En absolut! Viatjar en autocaravana \u00e9s viatjar amb un vehicle gran. Tingues en compte que ara mesures de 6 a 7 metres de mitjana i 2 metres 20 cent\u00edmetres d&#039;ample. Has de triar b\u00e9 els llocs per a aparcar sense sorpreses com ara grand\u00e0ria de places, restriccions d&#039;altura o dificultats per a maniobrar.\" \/>\n<meta property=\"og:url\" content=\"https:\/\/www.caravaning-esguard.com\/en\/aparcar-o-pernoctar-amb-autocaravana\/\" \/>\n<meta property=\"og:site_name\" content=\"Caravaning Esguard\" \/>\n<meta property=\"article:publisher\" content=\"https:\/\/www.facebook.com\/caravaningesguard\/\" \/>\n<meta property=\"article:published_time\" content=\"2023-05-06T09:51:18+00:00\" \/>\n<meta property=\"article:modified_time\" content=\"2026-01-19T10:34:00+00:00\" \/>\n<meta property=\"og:image\" content=\"https:\/\/www.caravaning-esguard.com\/wp-content\/uploads\/2023\/05\/Caravaning-Esguard-Blog-Aparcar-o-pernoctar-amb-autocaravana.jpg\" \/>\n\t<meta property=\"og:image:width\" content=\"960\" \/>\n\t<meta property=\"og:image:height\" content=\"640\" \/>\n\t<meta property=\"og:image:type\" content=\"image\/jpeg\" \/>\n<meta name=\"author\" content=\"Esguard Caravaning | Admin\" \/>\n<meta name=\"twitter:card\" content=\"summary_large_image\" \/>\n<meta name=\"twitter:label1\" content=\"Written by\" \/>\n\t<meta name=\"twitter:data1\" content=\"Esguard Caravaning | Admin\" \/>\n\t<meta name=\"twitter:label2\" content=\"Estimated reading time\" \/>\n\t<meta name=\"twitter:data2\" content=\"2 minutes\" \/>\n<script type=\"application\/ld+json\" class=\"yoast-schema-graph\">{\"@context\":\"https:\\\/\\\/schema.org\",\"@graph\":[{\"@type\":\"Article\",\"@id\":\"https:\\\/\\\/www.caravaning-esguard.com\\\/aparcar-o-pernoctar-amb-autocaravana\\\/#article\",\"isPartOf\":{\"@id\":\"https:\\\/\\\/www.caravaning-esguard.com\\\/aparcar-o-pernoctar-amb-autocaravana\\\/\"},\"author\":{\"name\":\"Esguard Caravaning | Admin\",\"@id\":\"https:\\\/\\\/www.caravaning-esguard.com\\\/#\\\/schema\\\/person\\\/05ac6bcbad9099b2a8da5d84967c45e7\"},\"headline\":\"Aparcar o pernoctar amb autocaravana\",\"datePublished\":\"2023-05-06T09:51:18+00:00\",\"dateModified\":\"2026-01-19T10:34:00+00:00\",\"mainEntityOfPage\":{\"@id\":\"https:\\\/\\\/www.caravaning-esguard.com\\\/aparcar-o-pernoctar-amb-autocaravana\\\/\"},\"wordCount\":400,\"publisher\":{\"@id\":\"https:\\\/\\\/www.caravaning-esguard.com\\\/#organization\"},\"image\":{\"@id\":\"https:\\\/\\\/www.caravaning-esguard.com\\\/aparcar-o-pernoctar-amb-autocaravana\\\/#primaryimage\"},\"thumbnailUrl\":\"https:\\\/\\\/www.caravaning-esguard.com\\\/wp-content\\\/uploads\\\/2023\\\/05\\\/Caravaning-Esguard-Blog-Aparcar-o-pernoctar-amb-autocaravana.jpg\",\"articleSection\":[\"Blog\"],\"inLanguage\":\"en-GB\"},{\"@type\":\"WebPage\",\"@id\":\"https:\\\/\\\/www.caravaning-esguard.com\\\/aparcar-o-pernoctar-amb-autocaravana\\\/\",\"url\":\"https:\\\/\\\/www.caravaning-esguard.com\\\/aparcar-o-pernoctar-amb-autocaravana\\\/\",\"name\":\"Aparcar o pernoctar amb autocaravana - Caravaning Esguard\",\"isPartOf\":{\"@id\":\"https:\\\/\\\/www.caravaning-esguard.com\\\/#website\"},\"primaryImageOfPage\":{\"@id\":\"https:\\\/\\\/www.caravaning-esguard.com\\\/aparcar-o-pernoctar-amb-autocaravana\\\/#primaryimage\"},\"image\":{\"@id\":\"https:\\\/\\\/www.caravaning-esguard.com\\\/aparcar-o-pernoctar-amb-autocaravana\\\/#primaryimage\"},\"thumbnailUrl\":\"https:\\\/\\\/www.caravaning-esguard.com\\\/wp-content\\\/uploads\\\/2023\\\/05\\\/Caravaning-Esguard-Blog-Aparcar-o-pernoctar-amb-autocaravana.jpg\",\"datePublished\":\"2023-05-06T09:51:18+00:00\",\"dateModified\":\"2026-01-19T10:34:00+00:00\",\"breadcrumb\":{\"@id\":\"https:\\\/\\\/www.caravaning-esguard.com\\\/aparcar-o-pernoctar-amb-autocaravana\\\/#breadcrumb\"},\"inLanguage\":\"en-GB\",\"potentialAction\":[{\"@type\":\"ReadAction\",\"target\":[\"https:\\\/\\\/www.caravaning-esguard.com\\\/aparcar-o-pernoctar-amb-autocaravana\\\/\"]}]},{\"@type\":\"ImageObject\",\"inLanguage\":\"en-GB\",\"@id\":\"https:\\\/\\\/www.caravaning-esguard.com\\\/aparcar-o-pernoctar-amb-autocaravana\\\/#primaryimage\",\"url\":\"https:\\\/\\\/www.caravaning-esguard.com\\\/wp-content\\\/uploads\\\/2023\\\/05\\\/Caravaning-Esguard-Blog-Aparcar-o-pernoctar-amb-autocaravana.jpg\",\"contentUrl\":\"https:\\\/\\\/www.caravaning-esguard.com\\\/wp-content\\\/uploads\\\/2023\\\/05\\\/Caravaning-Esguard-Blog-Aparcar-o-pernoctar-amb-autocaravana.jpg\",\"width\":960,\"height\":640,\"caption\":\"Caravaning Esguard - Blog - Aparcar o pernoctar amb autocaravana\"},{\"@type\":\"BreadcrumbList\",\"@id\":\"https:\\\/\\\/www.caravaning-esguard.com\\\/aparcar-o-pernoctar-amb-autocaravana\\\/#breadcrumb\",\"itemListElement\":[{\"@type\":\"ListItem\",\"position\":1,\"name\":\"Home\",\"item\":\"https:\\\/\\\/www.caravaning-esguard.com\\\/\"},{\"@type\":\"ListItem\",\"position\":2,\"name\":\"Aparcar o pernoctar amb autocaravana\"}]},{\"@type\":\"WebSite\",\"@id\":\"https:\\\/\\\/www.caravaning-esguard.com\\\/#website\",\"url\":\"https:\\\/\\\/www.caravaning-esguard.com\\\/\",\"name\":\"Caravaning Esguard\",\"description\":\"Santa Cristina d&#039;Aro\",\"publisher\":{\"@id\":\"https:\\\/\\\/www.caravaning-esguard.com\\\/#organization\"},\"potentialAction\":[{\"@type\":\"SearchAction\",\"target\":{\"@type\":\"EntryPoint\",\"urlTemplate\":\"https:\\\/\\\/www.caravaning-esguard.com\\\/?s={search_term_string}\"},\"query-input\":{\"@type\":\"PropertyValueSpecification\",\"valueRequired\":true,\"valueName\":\"search_term_string\"}}],\"inLanguage\":\"en-GB\"},{\"@type\":\"Organization\",\"@id\":\"https:\\\/\\\/www.caravaning-esguard.com\\\/#organization\",\"name\":\"Caravaning Esguard\",\"url\":\"https:\\\/\\\/www.caravaning-esguard.com\\\/\",\"logo\":{\"@type\":\"ImageObject\",\"inLanguage\":\"en-GB\",\"@id\":\"https:\\\/\\\/www.caravaning-esguard.com\\\/#\\\/schema\\\/logo\\\/image\\\/\",\"url\":\"https:\\\/\\\/www.caravaning-esguard.com\\\/wp-content\\\/uploads\\\/2023\\\/09\\\/Caravaning-Esguard-Santa-Cristina-dAro-Logo.png\",\"contentUrl\":\"https:\\\/\\\/www.caravaning-esguard.com\\\/wp-content\\\/uploads\\\/2023\\\/09\\\/Caravaning-Esguard-Santa-Cristina-dAro-Logo.png\",\"width\":228,\"height\":80,\"caption\":\"Caravaning Esguard\"},\"image\":{\"@id\":\"https:\\\/\\\/www.caravaning-esguard.com\\\/#\\\/schema\\\/logo\\\/image\\\/\"},\"sameAs\":[\"https:\\\/\\\/www.facebook.com\\\/caravaningesguard\\\/\",\"https:\\\/\\\/www.instagram.com\\\/caravaningesguard\\\/\"]},{\"@type\":\"Person\",\"@id\":\"https:\\\/\\\/www.caravaning-esguard.com\\\/#\\\/schema\\\/person\\\/05ac6bcbad9099b2a8da5d84967c45e7\",\"name\":\"Esguard Caravaning | Admin\",\"sameAs\":[\"https:\\\/\\\/www.estudi33.net\"],\"url\":\"https:\\\/\\\/www.caravaning-esguard.com\\\/en\\\/author\\\/esguard-caravaning-scda\\\/\"}]}<\/script>\n<!-- \/ Yoast SEO plugin. -->","yoast_head_json":{"title":"Aparcar o pernoctar amb autocaravana - Caravaning Esguard","robots":{"index":"index","follow":"follow","max-snippet":"max-snippet:-1","max-image-preview":"max-image-preview:large","max-video-preview":"max-video-preview:-1"},"canonical":"https:\/\/www.caravaning-esguard.com\/en\/aparcar-o-pernoctar-amb-autocaravana\/","og_locale":"en_GB","og_type":"article","og_title":"Aparcar o pernoctar amb autocaravana - Caravaning Esguard","og_description":"Aparcar\u2026 pernoctar\u2026 problema a la vista? En absolut! Viatjar en autocaravana \u00e9s viatjar amb un vehicle gran. Tingues en compte que ara mesures de 6 a 7 metres de mitjana i 2 metres 20 cent\u00edmetres d'ample. Has de triar b\u00e9 els llocs per a aparcar sense sorpreses com ara grand\u00e0ria de places, restriccions d'altura o dificultats per a maniobrar.","og_url":"https:\/\/www.caravaning-esguard.com\/en\/aparcar-o-pernoctar-amb-autocaravana\/","og_site_name":"Caravaning Esguard","article_publisher":"https:\/\/www.facebook.com\/caravaningesguard\/","article_published_time":"2023-05-06T09:51:18+00:00","article_modified_time":"2026-01-19T10:34:00+00:00","og_image":[{"width":960,"height":640,"url":"https:\/\/www.caravaning-esguard.com\/wp-content\/uploads\/2023\/05\/Caravaning-Esguard-Blog-Aparcar-o-pernoctar-amb-autocaravana.jpg","type":"image\/jpeg"}],"author":"Esguard Caravaning | Admin","twitter_card":"summary_large_image","twitter_misc":{"Written by":"Esguard Caravaning | Admin","Estimated reading time":"2 minutes"},"schema":{"@context":"https:\/\/schema.org","@graph":[{"@type":"Article","@id":"https:\/\/www.caravaning-esguard.com\/aparcar-o-pernoctar-amb-autocaravana\/#article","isPartOf":{"@id":"https:\/\/www.caravaning-esguard.com\/aparcar-o-pernoctar-amb-autocaravana\/"},"author":{"name":"Esguard Caravaning | Admin","@id":"https:\/\/www.caravaning-esguard.com\/#\/schema\/person\/05ac6bcbad9099b2a8da5d84967c45e7"},"headline":"Aparcar o pernoctar amb autocaravana","datePublished":"2023-05-06T09:51:18+00:00","dateModified":"2026-01-19T10:34:00+00:00","mainEntityOfPage":{"@id":"https:\/\/www.caravaning-esguard.com\/aparcar-o-pernoctar-amb-autocaravana\/"},"wordCount":400,"publisher":{"@id":"https:\/\/www.caravaning-esguard.com\/#organization"},"image":{"@id":"https:\/\/www.caravaning-esguard.com\/aparcar-o-pernoctar-amb-autocaravana\/#primaryimage"},"thumbnailUrl":"https:\/\/www.caravaning-esguard.com\/wp-content\/uploads\/2023\/05\/Caravaning-Esguard-Blog-Aparcar-o-pernoctar-amb-autocaravana.jpg","articleSection":["Blog"],"inLanguage":"en-GB"},{"@type":"WebPage","@id":"https:\/\/www.caravaning-esguard.com\/aparcar-o-pernoctar-amb-autocaravana\/","url":"https:\/\/www.caravaning-esguard.com\/aparcar-o-pernoctar-amb-autocaravana\/","name":"Aparcar o pernoctar amb autocaravana - Caravaning Esguard","isPartOf":{"@id":"https:\/\/www.caravaning-esguard.com\/#website"},"primaryImageOfPage":{"@id":"https:\/\/www.caravaning-esguard.com\/aparcar-o-pernoctar-amb-autocaravana\/#primaryimage"},"image":{"@id":"https:\/\/www.caravaning-esguard.com\/aparcar-o-pernoctar-amb-autocaravana\/#primaryimage"},"thumbnailUrl":"https:\/\/www.caravaning-esguard.com\/wp-content\/uploads\/2023\/05\/Caravaning-Esguard-Blog-Aparcar-o-pernoctar-amb-autocaravana.jpg","datePublished":"2023-05-06T09:51:18+00:00","dateModified":"2026-01-19T10:34:00+00:00","breadcrumb":{"@id":"https:\/\/www.caravaning-esguard.com\/aparcar-o-pernoctar-amb-autocaravana\/#breadcrumb"},"inLanguage":"en-GB","potentialAction":[{"@type":"ReadAction","target":["https:\/\/www.caravaning-esguard.com\/aparcar-o-pernoctar-amb-autocaravana\/"]}]},{"@type":"ImageObject","inLanguage":"en-GB","@id":"https:\/\/www.caravaning-esguard.com\/aparcar-o-pernoctar-amb-autocaravana\/#primaryimage","url":"https:\/\/www.caravaning-esguard.com\/wp-content\/uploads\/2023\/05\/Caravaning-Esguard-Blog-Aparcar-o-pernoctar-amb-autocaravana.jpg","contentUrl":"https:\/\/www.caravaning-esguard.com\/wp-content\/uploads\/2023\/05\/Caravaning-Esguard-Blog-Aparcar-o-pernoctar-amb-autocaravana.jpg","width":960,"height":640,"caption":"Caravaning Esguard - Blog - Aparcar o pernoctar amb autocaravana"},{"@type":"BreadcrumbList","@id":"https:\/\/www.caravaning-esguard.com\/aparcar-o-pernoctar-amb-autocaravana\/#breadcrumb","itemListElement":[{"@type":"ListItem","position":1,"name":"Home","item":"https:\/\/www.caravaning-esguard.com\/"},{"@type":"ListItem","position":2,"name":"Aparcar o pernoctar amb autocaravana"}]},{"@type":"WebSite","@id":"https:\/\/www.caravaning-esguard.com\/#website","url":"https:\/\/www.caravaning-esguard.com\/","name":"Caravaning Esguard","description":"Santa Cristina d&#039;Aro","publisher":{"@id":"https:\/\/www.caravaning-esguard.com\/#organization"},"potentialAction":[{"@type":"SearchAction","target":{"@type":"EntryPoint","urlTemplate":"https:\/\/www.caravaning-esguard.com\/?s={search_term_string}"},"query-input":{"@type":"PropertyValueSpecification","valueRequired":true,"valueName":"search_term_string"}}],"inLanguage":"en-GB"},{"@type":"Organization","@id":"https:\/\/www.caravaning-esguard.com\/#organization","name":"Caravaning Esguard","url":"https:\/\/www.caravaning-esguard.com\/","logo":{"@type":"ImageObject","inLanguage":"en-GB","@id":"https:\/\/www.caravaning-esguard.com\/#\/schema\/logo\/image\/","url":"https:\/\/www.caravaning-esguard.com\/wp-content\/uploads\/2023\/09\/Caravaning-Esguard-Santa-Cristina-dAro-Logo.png","contentUrl":"https:\/\/www.caravaning-esguard.com\/wp-content\/uploads\/2023\/09\/Caravaning-Esguard-Santa-Cristina-dAro-Logo.png","width":228,"height":80,"caption":"Caravaning Esguard"},"image":{"@id":"https:\/\/www.caravaning-esguard.com\/#\/schema\/logo\/image\/"},"sameAs":["https:\/\/www.facebook.com\/caravaningesguard\/","https:\/\/www.instagram.com\/caravaningesguard\/"]},{"@type":"Person","@id":"https:\/\/www.caravaning-esguard.com\/#\/schema\/person\/05ac6bcbad9099b2a8da5d84967c45e7","name":"Esguard Caravaning | Admin","sameAs":["https:\/\/www.estudi33.net"],"url":"https:\/\/www.caravaning-esguard.com\/en\/author\/esguard-caravaning-scda\/"}]}},"_links":{"self":[{"href":"https:\/\/www.caravaning-esguard.com\/en\/wp-json\/wp\/v2\/posts\/4379","targetHints":{"allow":["GET"]}}],"collection":[{"href":"https:\/\/www.caravaning-esguard.com\/en\/wp-json\/wp\/v2\/posts"}],"about":[{"href":"https:\/\/www.caravaning-esguard.com\/en\/wp-json\/wp\/v2\/types\/post"}],"author":[{"embeddable":true,"href":"https:\/\/www.caravaning-esguard.com\/en\/wp-json\/wp\/v2\/users\/1"}],"replies":[{"embeddable":true,"href":"https:\/\/www.caravaning-esguard.com\/en\/wp-json\/wp\/v2\/comments?post=4379"}],"version-history":[{"count":0,"href":"https:\/\/www.caravaning-esguard.com\/en\/wp-json\/wp\/v2\/posts\/4379\/revisions"}],"wp:featuredmedia":[{"embeddable":true,"href":"https:\/\/www.caravaning-esguard.com\/en\/wp-json\/wp\/v2\/media\/4380"}],"wp:attachment":[{"href":"https:\/\/www.caravaning-esguard.com\/en\/wp-json\/wp\/v2\/media?parent=4379"}],"wp:term":[{"taxonomy":"category","embeddable":true,"href":"https:\/\/www.caravaning-esguard.com\/en\/wp-json\/wp\/v2\/categories?post=4379"},{"taxonomy":"post_tag","embeddable":true,"href":"https:\/\/www.caravaning-esguard.com\/en\/wp-json\/wp\/v2\/tags?post=4379"}],"curies":[{"name":"wp","href":"https:\/\/api.w.org\/{rel}","templated":true}]}}