{"id":5808,"date":"2024-03-21T23:03:29","date_gmt":"2024-03-21T22:03:29","guid":{"rendered":"https:\/\/www.caravaning-esguard.com\/?p=5808"},"modified":"2026-01-19T11:29:38","modified_gmt":"2026-01-19T10:29:38","slug":"et-presentem-els-remolcs-comanche","status":"publish","type":"post","link":"https:\/\/www.caravaning-esguard.com\/en\/et-presentem-els-remolcs-comanche\/","title":{"rendered":"Et presentem\u2026 els remolcs Comanche!"},"content":{"rendered":"<p style=\"text-align: justify;\">Si ets un amant de la natura i t&#8217;encanta acampar, segurament saps l&#8217;important que \u00e9s comptar amb un bon remolc per fer que la teva experi\u00e8ncia de c\u00e0mping sigui molt m\u00e9s c\u00f2moda i pr\u00e0ctic.<\/p>\n<p style=\"text-align: justify;\" class=\"translation-block\">En aquest sentit, els remolcs <strong>Comanche<\/strong> per a c\u00e0mping es destaquen com a una excel\u00b7lent opci\u00f3 per a aquells que busquen la combinaci\u00f3 perfecta entre funcionalitat, disseny i qualitat.<\/p>\n<p style=\"text-align: justify;\">Estan dissenyats per a ser lleugers i f\u00e0cils de remolcar, la qual cosa els converteix en l&#8217;elecci\u00f3 ideal per qui busca la comoditat d&#8217;un remolc sense haver de preocupar-se per sobrepassar el l\u00edmit de pes perm\u00e8s.<\/p>\n<p><img fetchpriority=\"high\" decoding=\"async\" class=\"aligncenter wp-image-5810 size-full\" title=\"Caravaning Esguard - Santa Cristina d'Aro - Blog - Remolcs Comanche\" src=\"https:\/\/www.caravaning-esguard.com\/wp-content\/uploads\/2024\/03\/Caravaning-Esguard-Blog-Remolcs-Comanche-Remolc-carrega-lleugera.jpg\" alt=\"Caravaning Esguard - Santa Cristina d'Aro - Blog - Remolcs Comanche\" width=\"744\" height=\"373\" srcset=\"https:\/\/www.caravaning-esguard.com\/wp-content\/uploads\/2024\/03\/Caravaning-Esguard-Blog-Remolcs-Comanche-Remolc-carrega-lleugera.jpg 744w, https:\/\/www.caravaning-esguard.com\/wp-content\/uploads\/2024\/03\/Caravaning-Esguard-Blog-Remolcs-Comanche-Remolc-carrega-lleugera-300x150.jpg 300w\" sizes=\"(max-width: 744px) 100vw, 744px\" \/><\/p>\n<p style=\"text-align: justify;\">A m\u00e9s compten amb una \u00e0mplia gamma de caracter\u00edstiques que els fan ideals per a qualsevol tipus d&#8217;aventura a l&#8217;aire lliure. Des del seu disseny aerodin\u00e0mic que millora l&#8217;efici\u00e8ncia del combustible, fins al seu ampli espai interior que brinda comoditat i facilitat per a portar tot el necessari per a passar uns dies inoblidables en contacte amb la natura.<\/p>\n<p style=\"text-align: justify;\" class=\"translation-block\">Un altre avantatge dels remolcs <strong>Comanche<\/strong> \u00e9s la seva facilitat d\u2019instal\u00b7laci\u00f3 i \u00fas. Amb un sistema d\u2019enganxament senzill i pr\u00e0ctic, podr\u00e0s portar el teu remolc on vulguis sense cap problema. A m\u00e9s, el seu disseny compacte permet que puguis emmagatzemar-lo f\u00e0cilment quan no l\u2019estiguis utilitzant, estalviant espai i mantenint-lo protegit de les inclem\u00e8ncies del temps.<\/p>\n<p style=\"text-align: justify;\" class=\"translation-block\">En resum, si est\u00e0s buscant un remolc per a c\u00e0mping que combini funcionalitat, disseny i qualitat, els remolcs <strong>Comanche<\/strong> s\u00f3n una excel\u00b7lent opci\u00f3. Amb la seva resist\u00e8ncia, durabilitat, versatilitat i facilitat d\u2019\u00fas, et garanteixen una experi\u00e8ncia de c\u00e0mping inigualable.<\/p>\n<h3 style=\"text-align: justify;\">No esperis m\u00e9s i fes-te amb un d&#8217;aquests fant\u00e0stics remolcs per a gaudir al m\u00e0xim de les teves aventures a l&#8217;aire lliure!<\/h3>\n<p>Ja disponibles a la nostra <a href=\"https:\/\/shop.caravaning-esguard.com\/categoria\/accesorios-y-recambios\/remolques-comanche\/\" target=\"_blank\" rel=\"noopener\"><strong>shop on line<\/strong><\/a> i <a href=\"https:\/\/www.caravaning-esguard.com\/en\/botiga-fisica\/\" target=\"_blank\" rel=\"noopener\"><strong>botiga f\u00edsica<\/strong><\/a>. Vine a con\u00e8ixer-los!<\/p>\n<p><img decoding=\"async\" class=\"aligncenter wp-image-5812 size-full\" title=\"Caravaning Esguard - Santa Cristina d'Aro - Blog - Remolcs Comanche\" src=\"https:\/\/www.caravaning-esguard.com\/wp-content\/uploads\/2024\/03\/Caravaning-Esguard-Blog-Remolcs-Comanche-Remolc-Montana.jpg\" alt=\"Caravaning Esguard - Santa Cristina d'Aro - Blog - Remolcs Comanche\" width=\"900\" height=\"500\" srcset=\"https:\/\/www.caravaning-esguard.com\/wp-content\/uploads\/2024\/03\/Caravaning-Esguard-Blog-Remolcs-Comanche-Remolc-Montana.jpg 900w, https:\/\/www.caravaning-esguard.com\/wp-content\/uploads\/2024\/03\/Caravaning-Esguard-Blog-Remolcs-Comanche-Remolc-Montana-300x167.jpg 300w, https:\/\/www.caravaning-esguard.com\/wp-content\/uploads\/2024\/03\/Caravaning-Esguard-Blog-Remolcs-Comanche-Remolc-Montana-768x427.jpg 768w\" sizes=\"(max-width: 900px) 100vw, 900px\" \/><\/p>","protected":false},"excerpt":{"rendered":"<p>Si ets un amant de la natura i t&#8217;encanta acampar, segurament saps l&#8217;important que \u00e9s comptar amb un bon remolc per fer que la teva experi\u00e8ncia de c\u00e0mping sigui molt m\u00e9s c\u00f2moda i pr\u00e0ctic.<\/p>","protected":false},"author":1,"featured_media":5812,"comment_status":"closed","ping_status":"closed","sticky":false,"template":"","format":"standard","meta":{"footnotes":""},"categories":[1],"tags":[],"class_list":["post-5808","post","type-post","status-publish","format-standard","has-post-thumbnail","hentry","category-blog"],"yoast_head":"<!-- This site is optimized with the Yoast SEO plugin v27.5 - https:\/\/yoast.com\/product\/yoast-seo-wordpress\/ -->\n<title>Et presentem\u2026 els remolcs Comanche! - Caravaning Esguard<\/title>\n<meta name=\"robots\" content=\"index, follow, max-snippet:-1, max-image-preview:large, max-video-preview:-1\" \/>\n<link rel=\"canonical\" href=\"https:\/\/www.caravaning-esguard.com\/en\/et-presentem-els-remolcs-comanche\/\" \/>\n<meta property=\"og:locale\" content=\"en_GB\" \/>\n<meta property=\"og:type\" content=\"article\" \/>\n<meta property=\"og:title\" content=\"Et presentem\u2026 els remolcs Comanche! - Caravaning Esguard\" \/>\n<meta property=\"og:description\" content=\"Si ets un amant de la natura i t&#039;encanta acampar, segurament saps l&#039;important que \u00e9s comptar amb un bon remolc per fer que la teva experi\u00e8ncia de c\u00e0mping sigui molt m\u00e9s c\u00f2moda i pr\u00e0ctic.\" \/>\n<meta property=\"og:url\" content=\"https:\/\/www.caravaning-esguard.com\/en\/et-presentem-els-remolcs-comanche\/\" \/>\n<meta property=\"og:site_name\" content=\"Caravaning Esguard\" \/>\n<meta property=\"article:publisher\" content=\"https:\/\/www.facebook.com\/caravaningesguard\/\" \/>\n<meta property=\"article:published_time\" content=\"2024-03-21T22:03:29+00:00\" \/>\n<meta property=\"article:modified_time\" content=\"2026-01-19T10:29:38+00:00\" \/>\n<meta property=\"og:image\" content=\"https:\/\/www.caravaning-esguard.com\/wp-content\/uploads\/2024\/03\/Caravaning-Esguard-Blog-Remolcs-Comanche-Remolc-Montana.jpg\" \/>\n\t<meta property=\"og:image:width\" content=\"900\" \/>\n\t<meta property=\"og:image:height\" content=\"500\" \/>\n\t<meta property=\"og:image:type\" content=\"image\/jpeg\" \/>\n<meta name=\"author\" content=\"Esguard Caravaning | Admin\" \/>\n<meta name=\"twitter:card\" content=\"summary_large_image\" \/>\n<meta name=\"twitter:label1\" content=\"Written by\" \/>\n\t<meta name=\"twitter:data1\" content=\"Esguard Caravaning | Admin\" \/>\n\t<meta name=\"twitter:label2\" content=\"Estimated reading time\" \/>\n\t<meta name=\"twitter:data2\" content=\"2 minutes\" \/>\n<script type=\"application\/ld+json\" class=\"yoast-schema-graph\">{\"@context\":\"https:\\\/\\\/schema.org\",\"@graph\":[{\"@type\":\"Article\",\"@id\":\"https:\\\/\\\/www.caravaning-esguard.com\\\/et-presentem-els-remolcs-comanche\\\/#article\",\"isPartOf\":{\"@id\":\"https:\\\/\\\/www.caravaning-esguard.com\\\/et-presentem-els-remolcs-comanche\\\/\"},\"author\":{\"name\":\"Esguard Caravaning | Admin\",\"@id\":\"https:\\\/\\\/www.caravaning-esguard.com\\\/#\\\/schema\\\/person\\\/05ac6bcbad9099b2a8da5d84967c45e7\"},\"headline\":\"Et presentem\u2026 els remolcs Comanche!\",\"datePublished\":\"2024-03-21T22:03:29+00:00\",\"dateModified\":\"2026-01-19T10:29:38+00:00\",\"mainEntityOfPage\":{\"@id\":\"https:\\\/\\\/www.caravaning-esguard.com\\\/et-presentem-els-remolcs-comanche\\\/\"},\"wordCount\":338,\"publisher\":{\"@id\":\"https:\\\/\\\/www.caravaning-esguard.com\\\/#organization\"},\"image\":{\"@id\":\"https:\\\/\\\/www.caravaning-esguard.com\\\/et-presentem-els-remolcs-comanche\\\/#primaryimage\"},\"thumbnailUrl\":\"https:\\\/\\\/www.caravaning-esguard.com\\\/wp-content\\\/uploads\\\/2024\\\/03\\\/Caravaning-Esguard-Blog-Remolcs-Comanche-Remolc-Montana.jpg\",\"articleSection\":[\"Blog\"],\"inLanguage\":\"en-GB\"},{\"@type\":\"WebPage\",\"@id\":\"https:\\\/\\\/www.caravaning-esguard.com\\\/et-presentem-els-remolcs-comanche\\\/\",\"url\":\"https:\\\/\\\/www.caravaning-esguard.com\\\/et-presentem-els-remolcs-comanche\\\/\",\"name\":\"Et presentem\u2026 els remolcs Comanche! - Caravaning Esguard\",\"isPartOf\":{\"@id\":\"https:\\\/\\\/www.caravaning-esguard.com\\\/#website\"},\"primaryImageOfPage\":{\"@id\":\"https:\\\/\\\/www.caravaning-esguard.com\\\/et-presentem-els-remolcs-comanche\\\/#primaryimage\"},\"image\":{\"@id\":\"https:\\\/\\\/www.caravaning-esguard.com\\\/et-presentem-els-remolcs-comanche\\\/#primaryimage\"},\"thumbnailUrl\":\"https:\\\/\\\/www.caravaning-esguard.com\\\/wp-content\\\/uploads\\\/2024\\\/03\\\/Caravaning-Esguard-Blog-Remolcs-Comanche-Remolc-Montana.jpg\",\"datePublished\":\"2024-03-21T22:03:29+00:00\",\"dateModified\":\"2026-01-19T10:29:38+00:00\",\"breadcrumb\":{\"@id\":\"https:\\\/\\\/www.caravaning-esguard.com\\\/et-presentem-els-remolcs-comanche\\\/#breadcrumb\"},\"inLanguage\":\"en-GB\",\"potentialAction\":[{\"@type\":\"ReadAction\",\"target\":[\"https:\\\/\\\/www.caravaning-esguard.com\\\/et-presentem-els-remolcs-comanche\\\/\"]}]},{\"@type\":\"ImageObject\",\"inLanguage\":\"en-GB\",\"@id\":\"https:\\\/\\\/www.caravaning-esguard.com\\\/et-presentem-els-remolcs-comanche\\\/#primaryimage\",\"url\":\"https:\\\/\\\/www.caravaning-esguard.com\\\/wp-content\\\/uploads\\\/2024\\\/03\\\/Caravaning-Esguard-Blog-Remolcs-Comanche-Remolc-Montana.jpg\",\"contentUrl\":\"https:\\\/\\\/www.caravaning-esguard.com\\\/wp-content\\\/uploads\\\/2024\\\/03\\\/Caravaning-Esguard-Blog-Remolcs-Comanche-Remolc-Montana.jpg\",\"width\":900,\"height\":500,\"caption\":\"Caravaning Esguard - Blog - Remolcs Comanche - Remolc Montana\"},{\"@type\":\"BreadcrumbList\",\"@id\":\"https:\\\/\\\/www.caravaning-esguard.com\\\/et-presentem-els-remolcs-comanche\\\/#breadcrumb\",\"itemListElement\":[{\"@type\":\"ListItem\",\"position\":1,\"name\":\"Home\",\"item\":\"https:\\\/\\\/www.caravaning-esguard.com\\\/\"},{\"@type\":\"ListItem\",\"position\":2,\"name\":\"Et presentem\u2026 els remolcs Comanche!\"}]},{\"@type\":\"WebSite\",\"@id\":\"https:\\\/\\\/www.caravaning-esguard.com\\\/#website\",\"url\":\"https:\\\/\\\/www.caravaning-esguard.com\\\/\",\"name\":\"Caravaning Esguard\",\"description\":\"Santa Cristina d&#039;Aro\",\"publisher\":{\"@id\":\"https:\\\/\\\/www.caravaning-esguard.com\\\/#organization\"},\"potentialAction\":[{\"@type\":\"SearchAction\",\"target\":{\"@type\":\"EntryPoint\",\"urlTemplate\":\"https:\\\/\\\/www.caravaning-esguard.com\\\/?s={search_term_string}\"},\"query-input\":{\"@type\":\"PropertyValueSpecification\",\"valueRequired\":true,\"valueName\":\"search_term_string\"}}],\"inLanguage\":\"en-GB\"},{\"@type\":\"Organization\",\"@id\":\"https:\\\/\\\/www.caravaning-esguard.com\\\/#organization\",\"name\":\"Caravaning Esguard\",\"url\":\"https:\\\/\\\/www.caravaning-esguard.com\\\/\",\"logo\":{\"@type\":\"ImageObject\",\"inLanguage\":\"en-GB\",\"@id\":\"https:\\\/\\\/www.caravaning-esguard.com\\\/#\\\/schema\\\/logo\\\/image\\\/\",\"url\":\"https:\\\/\\\/www.caravaning-esguard.com\\\/wp-content\\\/uploads\\\/2023\\\/09\\\/Caravaning-Esguard-Santa-Cristina-dAro-Logo.png\",\"contentUrl\":\"https:\\\/\\\/www.caravaning-esguard.com\\\/wp-content\\\/uploads\\\/2023\\\/09\\\/Caravaning-Esguard-Santa-Cristina-dAro-Logo.png\",\"width\":228,\"height\":80,\"caption\":\"Caravaning Esguard\"},\"image\":{\"@id\":\"https:\\\/\\\/www.caravaning-esguard.com\\\/#\\\/schema\\\/logo\\\/image\\\/\"},\"sameAs\":[\"https:\\\/\\\/www.facebook.com\\\/caravaningesguard\\\/\",\"https:\\\/\\\/www.instagram.com\\\/caravaningesguard\\\/\"]},{\"@type\":\"Person\",\"@id\":\"https:\\\/\\\/www.caravaning-esguard.com\\\/#\\\/schema\\\/person\\\/05ac6bcbad9099b2a8da5d84967c45e7\",\"name\":\"Esguard Caravaning | Admin\",\"sameAs\":[\"https:\\\/\\\/www.estudi33.net\"],\"url\":\"https:\\\/\\\/www.caravaning-esguard.com\\\/en\\\/author\\\/esguard-caravaning-scda\\\/\"}]}<\/script>\n<!-- \/ Yoast SEO plugin. -->","yoast_head_json":{"title":"Et presentem\u2026 els remolcs Comanche! - Caravaning Esguard","robots":{"index":"index","follow":"follow","max-snippet":"max-snippet:-1","max-image-preview":"max-image-preview:large","max-video-preview":"max-video-preview:-1"},"canonical":"https:\/\/www.caravaning-esguard.com\/en\/et-presentem-els-remolcs-comanche\/","og_locale":"en_GB","og_type":"article","og_title":"Et presentem\u2026 els remolcs Comanche! - Caravaning Esguard","og_description":"Si ets un amant de la natura i t'encanta acampar, segurament saps l'important que \u00e9s comptar amb un bon remolc per fer que la teva experi\u00e8ncia de c\u00e0mping sigui molt m\u00e9s c\u00f2moda i pr\u00e0ctic.","og_url":"https:\/\/www.caravaning-esguard.com\/en\/et-presentem-els-remolcs-comanche\/","og_site_name":"Caravaning Esguard","article_publisher":"https:\/\/www.facebook.com\/caravaningesguard\/","article_published_time":"2024-03-21T22:03:29+00:00","article_modified_time":"2026-01-19T10:29:38+00:00","og_image":[{"width":900,"height":500,"url":"https:\/\/www.caravaning-esguard.com\/wp-content\/uploads\/2024\/03\/Caravaning-Esguard-Blog-Remolcs-Comanche-Remolc-Montana.jpg","type":"image\/jpeg"}],"author":"Esguard Caravaning | Admin","twitter_card":"summary_large_image","twitter_misc":{"Written by":"Esguard Caravaning | Admin","Estimated reading time":"2 minutes"},"schema":{"@context":"https:\/\/schema.org","@graph":[{"@type":"Article","@id":"https:\/\/www.caravaning-esguard.com\/et-presentem-els-remolcs-comanche\/#article","isPartOf":{"@id":"https:\/\/www.caravaning-esguard.com\/et-presentem-els-remolcs-comanche\/"},"author":{"name":"Esguard Caravaning | Admin","@id":"https:\/\/www.caravaning-esguard.com\/#\/schema\/person\/05ac6bcbad9099b2a8da5d84967c45e7"},"headline":"Et presentem\u2026 els remolcs Comanche!","datePublished":"2024-03-21T22:03:29+00:00","dateModified":"2026-01-19T10:29:38+00:00","mainEntityOfPage":{"@id":"https:\/\/www.caravaning-esguard.com\/et-presentem-els-remolcs-comanche\/"},"wordCount":338,"publisher":{"@id":"https:\/\/www.caravaning-esguard.com\/#organization"},"image":{"@id":"https:\/\/www.caravaning-esguard.com\/et-presentem-els-remolcs-comanche\/#primaryimage"},"thumbnailUrl":"https:\/\/www.caravaning-esguard.com\/wp-content\/uploads\/2024\/03\/Caravaning-Esguard-Blog-Remolcs-Comanche-Remolc-Montana.jpg","articleSection":["Blog"],"inLanguage":"en-GB"},{"@type":"WebPage","@id":"https:\/\/www.caravaning-esguard.com\/et-presentem-els-remolcs-comanche\/","url":"https:\/\/www.caravaning-esguard.com\/et-presentem-els-remolcs-comanche\/","name":"Et presentem\u2026 els remolcs Comanche! - Caravaning Esguard","isPartOf":{"@id":"https:\/\/www.caravaning-esguard.com\/#website"},"primaryImageOfPage":{"@id":"https:\/\/www.caravaning-esguard.com\/et-presentem-els-remolcs-comanche\/#primaryimage"},"image":{"@id":"https:\/\/www.caravaning-esguard.com\/et-presentem-els-remolcs-comanche\/#primaryimage"},"thumbnailUrl":"https:\/\/www.caravaning-esguard.com\/wp-content\/uploads\/2024\/03\/Caravaning-Esguard-Blog-Remolcs-Comanche-Remolc-Montana.jpg","datePublished":"2024-03-21T22:03:29+00:00","dateModified":"2026-01-19T10:29:38+00:00","breadcrumb":{"@id":"https:\/\/www.caravaning-esguard.com\/et-presentem-els-remolcs-comanche\/#breadcrumb"},"inLanguage":"en-GB","potentialAction":[{"@type":"ReadAction","target":["https:\/\/www.caravaning-esguard.com\/et-presentem-els-remolcs-comanche\/"]}]},{"@type":"ImageObject","inLanguage":"en-GB","@id":"https:\/\/www.caravaning-esguard.com\/et-presentem-els-remolcs-comanche\/#primaryimage","url":"https:\/\/www.caravaning-esguard.com\/wp-content\/uploads\/2024\/03\/Caravaning-Esguard-Blog-Remolcs-Comanche-Remolc-Montana.jpg","contentUrl":"https:\/\/www.caravaning-esguard.com\/wp-content\/uploads\/2024\/03\/Caravaning-Esguard-Blog-Remolcs-Comanche-Remolc-Montana.jpg","width":900,"height":500,"caption":"Caravaning Esguard - Blog - Remolcs Comanche - Remolc Montana"},{"@type":"BreadcrumbList","@id":"https:\/\/www.caravaning-esguard.com\/et-presentem-els-remolcs-comanche\/#breadcrumb","itemListElement":[{"@type":"ListItem","position":1,"name":"Home","item":"https:\/\/www.caravaning-esguard.com\/"},{"@type":"ListItem","position":2,"name":"Et presentem\u2026 els remolcs Comanche!"}]},{"@type":"WebSite","@id":"https:\/\/www.caravaning-esguard.com\/#website","url":"https:\/\/www.caravaning-esguard.com\/","name":"Caravaning Esguard","description":"Santa Cristina d&#039;Aro","publisher":{"@id":"https:\/\/www.caravaning-esguard.com\/#organization"},"potentialAction":[{"@type":"SearchAction","target":{"@type":"EntryPoint","urlTemplate":"https:\/\/www.caravaning-esguard.com\/?s={search_term_string}"},"query-input":{"@type":"PropertyValueSpecification","valueRequired":true,"valueName":"search_term_string"}}],"inLanguage":"en-GB"},{"@type":"Organization","@id":"https:\/\/www.caravaning-esguard.com\/#organization","name":"Caravaning Esguard","url":"https:\/\/www.caravaning-esguard.com\/","logo":{"@type":"ImageObject","inLanguage":"en-GB","@id":"https:\/\/www.caravaning-esguard.com\/#\/schema\/logo\/image\/","url":"https:\/\/www.caravaning-esguard.com\/wp-content\/uploads\/2023\/09\/Caravaning-Esguard-Santa-Cristina-dAro-Logo.png","contentUrl":"https:\/\/www.caravaning-esguard.com\/wp-content\/uploads\/2023\/09\/Caravaning-Esguard-Santa-Cristina-dAro-Logo.png","width":228,"height":80,"caption":"Caravaning Esguard"},"image":{"@id":"https:\/\/www.caravaning-esguard.com\/#\/schema\/logo\/image\/"},"sameAs":["https:\/\/www.facebook.com\/caravaningesguard\/","https:\/\/www.instagram.com\/caravaningesguard\/"]},{"@type":"Person","@id":"https:\/\/www.caravaning-esguard.com\/#\/schema\/person\/05ac6bcbad9099b2a8da5d84967c45e7","name":"Esguard Caravaning | Admin","sameAs":["https:\/\/www.estudi33.net"],"url":"https:\/\/www.caravaning-esguard.com\/en\/author\/esguard-caravaning-scda\/"}]}},"_links":{"self":[{"href":"https:\/\/www.caravaning-esguard.com\/en\/wp-json\/wp\/v2\/posts\/5808","targetHints":{"allow":["GET"]}}],"collection":[{"href":"https:\/\/www.caravaning-esguard.com\/en\/wp-json\/wp\/v2\/posts"}],"about":[{"href":"https:\/\/www.caravaning-esguard.com\/en\/wp-json\/wp\/v2\/types\/post"}],"author":[{"embeddable":true,"href":"https:\/\/www.caravaning-esguard.com\/en\/wp-json\/wp\/v2\/users\/1"}],"replies":[{"embeddable":true,"href":"https:\/\/www.caravaning-esguard.com\/en\/wp-json\/wp\/v2\/comments?post=5808"}],"version-history":[{"count":0,"href":"https:\/\/www.caravaning-esguard.com\/en\/wp-json\/wp\/v2\/posts\/5808\/revisions"}],"wp:featuredmedia":[{"embeddable":true,"href":"https:\/\/www.caravaning-esguard.com\/en\/wp-json\/wp\/v2\/media\/5812"}],"wp:attachment":[{"href":"https:\/\/www.caravaning-esguard.com\/en\/wp-json\/wp\/v2\/media?parent=5808"}],"wp:term":[{"taxonomy":"category","embeddable":true,"href":"https:\/\/www.caravaning-esguard.com\/en\/wp-json\/wp\/v2\/categories?post=5808"},{"taxonomy":"post_tag","embeddable":true,"href":"https:\/\/www.caravaning-esguard.com\/en\/wp-json\/wp\/v2\/tags?post=5808"}],"curies":[{"name":"wp","href":"https:\/\/api.w.org\/{rel}","templated":true}]}}