{"id":5901,"date":"2024-07-25T11:34:08","date_gmt":"2024-07-25T09:34:08","guid":{"rendered":"https:\/\/www.caravaning-esguard.com\/?p=5901"},"modified":"2026-01-19T11:28:54","modified_gmt":"2026-01-19T10:28:54","slug":"ruta-en-autocaravana-pel-baix-emporda","status":"publish","type":"post","link":"https:\/\/www.caravaning-esguard.com\/en\/ruta-en-autocaravana-pel-baix-emporda\/","title":{"rendered":"Ruta en autocaravana pel Baix Empord\u00e0"},"content":{"rendered":"<h2 style=\"text-align: center;\">Avui et portem de ruta en autocaravana pel nostre estimat Baix Empord\u00e0<\/h2>\n<p style=\"text-align: justify;\">Aqu\u00ed no nom\u00e9s gaudir\u00e0s de les millors platges de la Costa Brava, sin\u00f3 que tamb\u00e9 dels pobles medievals m\u00e9s bonics, dels millors paratges hist\u00f2rics, arqueol\u00f2gics i d&#8217;inter\u00e8s de la zona.<\/p>\n<p style=\"text-align: justify;\" class=\"translation-block\">Abans d\u2019emprendre aquest viatge, has de saber que <strong>a Espanya est\u00e0 totalment prohibida l\u2019acampada lliure<\/strong>, podem acampar \u00fanicament a llocs privats (c\u00e0mpings o \u00e0rees d\u2019autocaravanes privades) o zones p\u00fabliques expl\u00edcitament delimitades, per a aix\u00f2 s\u2019ha de demanar perm\u00eds municipal previ. Recorda que acampar \u00e9s treure la taula i cadires per a menjar o treure tendal entre altres, en definitiva, \u00e9s excedir del per\u00edmetre del vehicle.<\/p>\n<h2 style=\"text-align: center;\">Som-hi doncs!<\/h2>\n<h3 style=\"text-align: center;\">Pla 1: el Carrilet i Sant Feliu de Gu\u00edxols<\/h3>\n<p style=\"text-align: justify;\" class=\"translation-block\">Partim de casa, a <strong>Santa Cristina d\u2019Aro<\/strong>. Agafem bicicletes i\u2026 a gaudir d\u2019<strong>una de les vies verdes m\u00e9s emblem\u00e0tiques d\u2019Espanya i Catalunya: El Carrilet<\/strong>.<\/p>\n<p style=\"text-align: justify;\" class=\"translation-block\">El&nbsp;Carrilet&nbsp;\u00e9s una via verda que transcorre entre <strong>Olot<\/strong>, zona volc\u00e0nica de muntanya, fins a <strong>Sant Feliu de Gu\u00edxols<\/strong>, passant justament per <strong>Santa Cristina d\u2019Aro<\/strong>. Un carril bici segur i accessible per a tots i totes que passa per les antigues vies i estacions ferrovi\u00e0ries que unien aquests municipis.<\/p>\n<p style=\"text-align: justify;\" class=\"translation-block\">De <strong>Santa Cristina<\/strong>, per la via verda i en un recorregut de menys de 5 km, arribarem a <strong>Sant Feliu de Gu\u00edxols<\/strong>, passant per la platja central i el seu barri antic, continuant per <strong>Castell d\u2019Aro<\/strong>, amb vista a la seva preciosa esgl\u00e9sia i castell.<\/p>\n<p style=\"text-align: justify;\">A Sant Feliu podrem gaudir d&#8217;un bany a la seva platja i passejar pel seu animat centre ple de comer\u00e7os. Despr\u00e9s, visitar el conjunt monumental del Monestir i la Porta Ferrada, on podreu pujar a la Torre del Fum.<\/p>\n<p style=\"text-align: justify;\">Despr\u00e9s, tornarem a Santa Cristina d\u2019Aro per a pernoctar.<\/p>\n<p style=\"text-align: justify;\" class=\"translation-block\">Un imprescindible de Santa Cristina \u00e9s el seu sorprenent <strong>Museu de la M\u00e0gia<\/strong>. A m\u00e9s, a Santa Cristina trobareu rutes sorprenents i precioses al voltant dels seus boscos i muntanyes mediterr\u00e0nies, com per exemple: l\u2019excursi\u00f3 a la <strong>Font&nbsp;Picant<\/strong>.<\/p>\n<p><img fetchpriority=\"high\" decoding=\"async\" class=\"aligncenter wp-image-5908 size-full\" src=\"https:\/\/www.caravaning-esguard.com\/wp-content\/uploads\/2024\/07\/Caravaning-Esguard-Blog-Ruta-en-autocaravana-pel-Baix-Emporda-Via-verda-del-Carrilet.jpg\" alt=\"\" width=\"900\" height=\"500\" srcset=\"https:\/\/www.caravaning-esguard.com\/wp-content\/uploads\/2024\/07\/Caravaning-Esguard-Blog-Ruta-en-autocaravana-pel-Baix-Emporda-Via-verda-del-Carrilet.jpg 900w, https:\/\/www.caravaning-esguard.com\/wp-content\/uploads\/2024\/07\/Caravaning-Esguard-Blog-Ruta-en-autocaravana-pel-Baix-Emporda-Via-verda-del-Carrilet-300x167.jpg 300w, https:\/\/www.caravaning-esguard.com\/wp-content\/uploads\/2024\/07\/Caravaning-Esguard-Blog-Ruta-en-autocaravana-pel-Baix-Emporda-Via-verda-del-Carrilet-768x427.jpg 768w\" sizes=\"(max-width: 900px) 100vw, 900px\" \/><\/p>\n<h3 style=\"text-align: center;\">Pla 2: pobles medievals<\/h3>\n<p class=\"translation-block\">Comencem! La nostra primera parada ser\u00e0 a <strong>Pals<\/strong>.<\/p>\n<p style=\"text-align: justify;\">Passejar pels carrers empedrats de Pals \u00e9s reviure l&#8217;\u00e8poca medieval d&#8217;esplendor d&#8217;aquesta zona. Cases empedrades precioses, torres de l&#8217;homenatge, petits jardins i precioses portalades i places us esperen. El municipi est\u00e0 replet de botigues, restaurants i artesans.<\/p>\n<p style=\"text-align: justify;\">Us recomanem menjar en un dels seus restaurants el seu fam\u00f3s arr\u00f2s de Pals, un arr\u00f2s de qualitat superior, que cuinat en arrossos a la cassola ho fan un plat inoblidable de la zona.<\/p>\n<p class=\"translation-block\"><strong>Palau-sator<\/strong>. Aquest poble medieval \u00e9s el menys conegut de la zona, per\u00f2 malgrat la seva redu\u00efda grand\u00e0ria t\u00e9 un encant especial i si ets dels quals t\u2019agrada la tranquil\u00b7litat, t\u00e9 punts a sumar.<\/p>\n<p style=\"text-align: justify;\" class=\"translation-block\"><strong>Peratallada<\/strong>. Ja per a acabar la jornada, us proposem aparcar al p\u00e0rquing de Peratallada. Un p\u00e0rquing espai\u00f3s de pagament amb banys i on ens permet pernoctar amb autocaravana sense problema, encara que es recorda que no \u00e9s possible acampar.<\/p>\n<p style=\"text-align: justify;\">Peratallada \u00e9s el poble perfecte, una de les parades preferides en aquesta ruta en autocaravana en la Costa Brava. Ambient mariner en un poble de pedra medieval preci\u00f3s en el qual podr\u00e0s sopar en un dels seus m\u00faltiples i encantadors restaurants.<\/p>\n<p><img decoding=\"async\" class=\"aligncenter wp-image-5911 size-full\" src=\"https:\/\/www.caravaning-esguard.com\/wp-content\/uploads\/2024\/07\/Caravaning-Esguard-Blog-Ruta-en-autocaravana-pel-Baix-Emporda-Pals.jpg\" alt=\"\" width=\"900\" height=\"500\" srcset=\"https:\/\/www.caravaning-esguard.com\/wp-content\/uploads\/2024\/07\/Caravaning-Esguard-Blog-Ruta-en-autocaravana-pel-Baix-Emporda-Pals.jpg 900w, https:\/\/www.caravaning-esguard.com\/wp-content\/uploads\/2024\/07\/Caravaning-Esguard-Blog-Ruta-en-autocaravana-pel-Baix-Emporda-Pals-300x167.jpg 300w, https:\/\/www.caravaning-esguard.com\/wp-content\/uploads\/2024\/07\/Caravaning-Esguard-Blog-Ruta-en-autocaravana-pel-Baix-Emporda-Pals-768x427.jpg 768w\" sizes=\"(max-width: 900px) 100vw, 900px\" \/><\/p>\n<h3 style=\"text-align: center;\">Pla 3: Torroella de Montgr\u00ed i Illes Medes<\/h3>\n<p style=\"text-align: justify;\" class=\"translation-block\">Despr\u00e9s d\u2019una nit tranquil\u00b7la a Peratallada, us recomanem anar a <strong>Torroella de Montgr\u00ed<\/strong> per a pujar al castell de Montgr\u00ed a partir d\u2019una ruta a peu de dificultat mitjana. All\u00ed tindrem les millors vistes al Baix Empord\u00e0.<\/p>\n<p style=\"text-align: justify;\" class=\"translation-block\">Despr\u00e9s de la caminada i visita al castell, us proposem anar a gaudir de l\u2019acampada a una \u00e0rea d\u2019autocaravanes privada amb tots els serveis i pr\u00f2xima a la platja de <strong>L\u2019Estartit<\/strong>.<\/p>\n<p style=\"text-align: justify;\" class=\"translation-block\">Una vegada all\u00e0, no us perdeu les precioses <strong>Illes Medes<\/strong> a les quals podreu anar en caiac o en un dels diferents vaixells que les recorren.<\/p>\n<p><img decoding=\"async\" class=\"aligncenter wp-image-5913 size-full\" src=\"https:\/\/www.caravaning-esguard.com\/wp-content\/uploads\/2024\/07\/Caravaning-Esguard-Blog-Ruta-en-autocaravana-pel-Baix-Emporda-Illes-Medes.jpg\" alt=\"\" width=\"900\" height=\"500\" srcset=\"https:\/\/www.caravaning-esguard.com\/wp-content\/uploads\/2024\/07\/Caravaning-Esguard-Blog-Ruta-en-autocaravana-pel-Baix-Emporda-Illes-Medes.jpg 900w, https:\/\/www.caravaning-esguard.com\/wp-content\/uploads\/2024\/07\/Caravaning-Esguard-Blog-Ruta-en-autocaravana-pel-Baix-Emporda-Illes-Medes-300x167.jpg 300w, https:\/\/www.caravaning-esguard.com\/wp-content\/uploads\/2024\/07\/Caravaning-Esguard-Blog-Ruta-en-autocaravana-pel-Baix-Emporda-Illes-Medes-768x427.jpg 768w\" sizes=\"(max-width: 900px) 100vw, 900px\" \/><\/p>\n<h3 style=\"text-align: center;\">Pla 4: les millors cales de Palam\u00f3s<\/h3>\n<p style=\"text-align: justify;\" class=\"translation-block\">Et recomanem <strong>un punt emblem\u00e0tic de la Costa Brava:<\/strong> <strong>Palam\u00f3s<\/strong>. Aquest \u00e9s un dels pobles pesquers m\u00e9s coneguts de la Costa Brava, ple de vida i de cales precioses on donar-se un bany en aig\u00fces blaves cristal\u00b7lines.<\/p>\n<p style=\"text-align: justify;\" class=\"translation-block\">Acabarem la nostra ruta per Costa Brava com comencem: pedalant per una via verda. <strong>La via verda que us recomanem rec\u00f3rrer es diu del Petit Tren<\/strong>, un recorregut segur i accessible de <strong>Palam\u00f3s a Palafrugell<\/strong>.<\/p>\n<p style=\"text-align: justify;\">Per la via verda del Petit Tren podrem anar agafant desviaments i visitar cales de Palam\u00f3s com la del Castell o la de S\u2019Alguer.<\/p>\n<p style=\"text-align: justify;\" class=\"translation-block\">Per a acabar el dia no us perdeu una visita a la <strong>cala la&nbsp;Fosca<\/strong>, front l\u2019\u00e0rea d\u2019autocaravanes i una visita al nucli urb\u00e0 de Palam\u00f3s, on si teniu oportunitat visitar el seu <strong>Museu de la Pesca<\/strong>, molt interessant per a con\u00e8ixer aquest ofici tan important a Palam\u00f3s.<\/p>\n<p><img loading=\"lazy\" decoding=\"async\" class=\"aligncenter wp-image-5915 size-full\" src=\"https:\/\/www.caravaning-esguard.com\/wp-content\/uploads\/2024\/07\/Caravaning-Esguard-Blog-Ruta-en-autocaravana-pel-Baix-Emporda-Cala-de-La-Fosca.jpg\" alt=\"\" width=\"900\" height=\"500\" srcset=\"https:\/\/www.caravaning-esguard.com\/wp-content\/uploads\/2024\/07\/Caravaning-Esguard-Blog-Ruta-en-autocaravana-pel-Baix-Emporda-Cala-de-La-Fosca.jpg 900w, https:\/\/www.caravaning-esguard.com\/wp-content\/uploads\/2024\/07\/Caravaning-Esguard-Blog-Ruta-en-autocaravana-pel-Baix-Emporda-Cala-de-La-Fosca-300x167.jpg 300w, https:\/\/www.caravaning-esguard.com\/wp-content\/uploads\/2024\/07\/Caravaning-Esguard-Blog-Ruta-en-autocaravana-pel-Baix-Emporda-Cala-de-La-Fosca-768x427.jpg 768w\" sizes=\"(max-width: 900px) 100vw, 900px\" \/><\/p>\n<p>Una breu per\u00f2 intens recorregut per nostra tan benvolguda Costa Brava.<\/p>\n<p class=\"translation-block\">Recorda que a <strong>Caravaning Esguard<\/strong> estem a la teva disposici\u00f3 per a aconsellar-te en tot all\u00f2 que necessitis.<\/p>\n<h2 style=\"text-align: center;\">Bones vacances!<\/h2>\n<p><img loading=\"lazy\" decoding=\"async\" class=\"aligncenter wp-image-5916 size-full\" src=\"https:\/\/www.caravaning-esguard.com\/wp-content\/uploads\/2024\/07\/Caravaning-Esguard-Blog-Ruta-en-autocaravana-pel-Baix-Emporda-Bones-Vacances.jpg\" alt=\"\" width=\"900\" height=\"500\" srcset=\"https:\/\/www.caravaning-esguard.com\/wp-content\/uploads\/2024\/07\/Caravaning-Esguard-Blog-Ruta-en-autocaravana-pel-Baix-Emporda-Bones-Vacances.jpg 900w, https:\/\/www.caravaning-esguard.com\/wp-content\/uploads\/2024\/07\/Caravaning-Esguard-Blog-Ruta-en-autocaravana-pel-Baix-Emporda-Bones-Vacances-300x167.jpg 300w, https:\/\/www.caravaning-esguard.com\/wp-content\/uploads\/2024\/07\/Caravaning-Esguard-Blog-Ruta-en-autocaravana-pel-Baix-Emporda-Bones-Vacances-768x427.jpg 768w\" sizes=\"(max-width: 900px) 100vw, 900px\" \/><\/p>","protected":false},"excerpt":{"rendered":"<p>Avui et portem de ruta en autocaravana pel nostre estimat Baix Empord\u00e0. Aqu\u00ed no nom\u00e9s gaudir\u00e0s de les millors platges de la Costa Brava, sin\u00f3 que tamb\u00e9 dels pobles medievals m\u00e9s bonics, dels millors paratges hist\u00f2rics, arqueol\u00f2gics i d&#8217;inter\u00e8s de la zona.<\/p>","protected":false},"author":1,"featured_media":5902,"comment_status":"closed","ping_status":"closed","sticky":false,"template":"","format":"standard","meta":{"footnotes":""},"categories":[1],"tags":[],"class_list":["post-5901","post","type-post","status-publish","format-standard","has-post-thumbnail","hentry","category-blog"],"yoast_head":"<!-- This site is optimized with the Yoast SEO plugin v27.5 - https:\/\/yoast.com\/product\/yoast-seo-wordpress\/ -->\n<title>Ruta en autocaravana pel Baix Empord\u00e0 - Caravaning Esguard<\/title>\n<meta name=\"robots\" content=\"index, follow, max-snippet:-1, max-image-preview:large, max-video-preview:-1\" \/>\n<link rel=\"canonical\" href=\"https:\/\/www.caravaning-esguard.com\/en\/ruta-en-autocaravana-pel-baix-emporda\/\" \/>\n<meta property=\"og:locale\" content=\"en_GB\" \/>\n<meta property=\"og:type\" content=\"article\" \/>\n<meta property=\"og:title\" content=\"Ruta en autocaravana pel Baix Empord\u00e0 - Caravaning Esguard\" \/>\n<meta property=\"og:description\" content=\"Avui et portem de ruta en autocaravana pel nostre estimat Baix Empord\u00e0. Aqu\u00ed no nom\u00e9s gaudir\u00e0s de les millors platges de la Costa Brava, sin\u00f3 que tamb\u00e9 dels pobles medievals m\u00e9s bonics, dels millors paratges hist\u00f2rics, arqueol\u00f2gics i d&#039;inter\u00e8s de la zona.\" \/>\n<meta property=\"og:url\" content=\"https:\/\/www.caravaning-esguard.com\/en\/ruta-en-autocaravana-pel-baix-emporda\/\" \/>\n<meta property=\"og:site_name\" content=\"Caravaning Esguard\" \/>\n<meta property=\"article:publisher\" content=\"https:\/\/www.facebook.com\/caravaningesguard\/\" \/>\n<meta property=\"article:published_time\" content=\"2024-07-25T09:34:08+00:00\" \/>\n<meta property=\"article:modified_time\" content=\"2026-01-19T10:28:54+00:00\" \/>\n<meta property=\"og:image\" content=\"https:\/\/www.caravaning-esguard.com\/wp-content\/uploads\/2024\/07\/Caravaning-Esguard-Blog-Ruta-pel-Baix-Emporda.jpg\" \/>\n\t<meta property=\"og:image:width\" content=\"900\" \/>\n\t<meta property=\"og:image:height\" content=\"500\" \/>\n\t<meta property=\"og:image:type\" content=\"image\/jpeg\" \/>\n<meta name=\"author\" content=\"Esguard Caravaning | Admin\" \/>\n<meta name=\"twitter:card\" content=\"summary_large_image\" \/>\n<meta name=\"twitter:label1\" content=\"Written by\" \/>\n\t<meta name=\"twitter:data1\" content=\"Esguard Caravaning | Admin\" \/>\n\t<meta name=\"twitter:label2\" content=\"Estimated reading time\" \/>\n\t<meta name=\"twitter:data2\" content=\"4 minutes\" \/>\n<script type=\"application\/ld+json\" class=\"yoast-schema-graph\">{\"@context\":\"https:\\\/\\\/schema.org\",\"@graph\":[{\"@type\":\"Article\",\"@id\":\"https:\\\/\\\/www.caravaning-esguard.com\\\/ruta-en-autocaravana-pel-baix-emporda\\\/#article\",\"isPartOf\":{\"@id\":\"https:\\\/\\\/www.caravaning-esguard.com\\\/ruta-en-autocaravana-pel-baix-emporda\\\/\"},\"author\":{\"name\":\"Esguard Caravaning | Admin\",\"@id\":\"https:\\\/\\\/www.caravaning-esguard.com\\\/#\\\/schema\\\/person\\\/05ac6bcbad9099b2a8da5d84967c45e7\"},\"headline\":\"Ruta en autocaravana pel Baix Empord\u00e0\",\"datePublished\":\"2024-07-25T09:34:08+00:00\",\"dateModified\":\"2026-01-19T10:28:54+00:00\",\"mainEntityOfPage\":{\"@id\":\"https:\\\/\\\/www.caravaning-esguard.com\\\/ruta-en-autocaravana-pel-baix-emporda\\\/\"},\"wordCount\":884,\"publisher\":{\"@id\":\"https:\\\/\\\/www.caravaning-esguard.com\\\/#organization\"},\"image\":{\"@id\":\"https:\\\/\\\/www.caravaning-esguard.com\\\/ruta-en-autocaravana-pel-baix-emporda\\\/#primaryimage\"},\"thumbnailUrl\":\"https:\\\/\\\/www.caravaning-esguard.com\\\/wp-content\\\/uploads\\\/2024\\\/07\\\/Caravaning-Esguard-Blog-Ruta-pel-Baix-Emporda.jpg\",\"articleSection\":[\"Blog\"],\"inLanguage\":\"en-GB\"},{\"@type\":\"WebPage\",\"@id\":\"https:\\\/\\\/www.caravaning-esguard.com\\\/ruta-en-autocaravana-pel-baix-emporda\\\/\",\"url\":\"https:\\\/\\\/www.caravaning-esguard.com\\\/ruta-en-autocaravana-pel-baix-emporda\\\/\",\"name\":\"Ruta en autocaravana pel Baix Empord\u00e0 - Caravaning Esguard\",\"isPartOf\":{\"@id\":\"https:\\\/\\\/www.caravaning-esguard.com\\\/#website\"},\"primaryImageOfPage\":{\"@id\":\"https:\\\/\\\/www.caravaning-esguard.com\\\/ruta-en-autocaravana-pel-baix-emporda\\\/#primaryimage\"},\"image\":{\"@id\":\"https:\\\/\\\/www.caravaning-esguard.com\\\/ruta-en-autocaravana-pel-baix-emporda\\\/#primaryimage\"},\"thumbnailUrl\":\"https:\\\/\\\/www.caravaning-esguard.com\\\/wp-content\\\/uploads\\\/2024\\\/07\\\/Caravaning-Esguard-Blog-Ruta-pel-Baix-Emporda.jpg\",\"datePublished\":\"2024-07-25T09:34:08+00:00\",\"dateModified\":\"2026-01-19T10:28:54+00:00\",\"breadcrumb\":{\"@id\":\"https:\\\/\\\/www.caravaning-esguard.com\\\/ruta-en-autocaravana-pel-baix-emporda\\\/#breadcrumb\"},\"inLanguage\":\"en-GB\",\"potentialAction\":[{\"@type\":\"ReadAction\",\"target\":[\"https:\\\/\\\/www.caravaning-esguard.com\\\/ruta-en-autocaravana-pel-baix-emporda\\\/\"]}]},{\"@type\":\"ImageObject\",\"inLanguage\":\"en-GB\",\"@id\":\"https:\\\/\\\/www.caravaning-esguard.com\\\/ruta-en-autocaravana-pel-baix-emporda\\\/#primaryimage\",\"url\":\"https:\\\/\\\/www.caravaning-esguard.com\\\/wp-content\\\/uploads\\\/2024\\\/07\\\/Caravaning-Esguard-Blog-Ruta-pel-Baix-Emporda.jpg\",\"contentUrl\":\"https:\\\/\\\/www.caravaning-esguard.com\\\/wp-content\\\/uploads\\\/2024\\\/07\\\/Caravaning-Esguard-Blog-Ruta-pel-Baix-Emporda.jpg\",\"width\":900,\"height\":500,\"caption\":\"Caravaning Esguard - Blog - Ruta en autocaravana pel Baix Empord\u00e0\"},{\"@type\":\"BreadcrumbList\",\"@id\":\"https:\\\/\\\/www.caravaning-esguard.com\\\/ruta-en-autocaravana-pel-baix-emporda\\\/#breadcrumb\",\"itemListElement\":[{\"@type\":\"ListItem\",\"position\":1,\"name\":\"Home\",\"item\":\"https:\\\/\\\/www.caravaning-esguard.com\\\/\"},{\"@type\":\"ListItem\",\"position\":2,\"name\":\"Ruta en autocaravana pel Baix Empord\u00e0\"}]},{\"@type\":\"WebSite\",\"@id\":\"https:\\\/\\\/www.caravaning-esguard.com\\\/#website\",\"url\":\"https:\\\/\\\/www.caravaning-esguard.com\\\/\",\"name\":\"Caravaning Esguard\",\"description\":\"Santa Cristina d&#039;Aro\",\"publisher\":{\"@id\":\"https:\\\/\\\/www.caravaning-esguard.com\\\/#organization\"},\"potentialAction\":[{\"@type\":\"SearchAction\",\"target\":{\"@type\":\"EntryPoint\",\"urlTemplate\":\"https:\\\/\\\/www.caravaning-esguard.com\\\/?s={search_term_string}\"},\"query-input\":{\"@type\":\"PropertyValueSpecification\",\"valueRequired\":true,\"valueName\":\"search_term_string\"}}],\"inLanguage\":\"en-GB\"},{\"@type\":\"Organization\",\"@id\":\"https:\\\/\\\/www.caravaning-esguard.com\\\/#organization\",\"name\":\"Caravaning Esguard\",\"url\":\"https:\\\/\\\/www.caravaning-esguard.com\\\/\",\"logo\":{\"@type\":\"ImageObject\",\"inLanguage\":\"en-GB\",\"@id\":\"https:\\\/\\\/www.caravaning-esguard.com\\\/#\\\/schema\\\/logo\\\/image\\\/\",\"url\":\"https:\\\/\\\/www.caravaning-esguard.com\\\/wp-content\\\/uploads\\\/2023\\\/09\\\/Caravaning-Esguard-Santa-Cristina-dAro-Logo.png\",\"contentUrl\":\"https:\\\/\\\/www.caravaning-esguard.com\\\/wp-content\\\/uploads\\\/2023\\\/09\\\/Caravaning-Esguard-Santa-Cristina-dAro-Logo.png\",\"width\":228,\"height\":80,\"caption\":\"Caravaning Esguard\"},\"image\":{\"@id\":\"https:\\\/\\\/www.caravaning-esguard.com\\\/#\\\/schema\\\/logo\\\/image\\\/\"},\"sameAs\":[\"https:\\\/\\\/www.facebook.com\\\/caravaningesguard\\\/\",\"https:\\\/\\\/www.instagram.com\\\/caravaningesguard\\\/\"]},{\"@type\":\"Person\",\"@id\":\"https:\\\/\\\/www.caravaning-esguard.com\\\/#\\\/schema\\\/person\\\/05ac6bcbad9099b2a8da5d84967c45e7\",\"name\":\"Esguard Caravaning | Admin\",\"sameAs\":[\"https:\\\/\\\/www.estudi33.net\"],\"url\":\"https:\\\/\\\/www.caravaning-esguard.com\\\/en\\\/author\\\/esguard-caravaning-scda\\\/\"}]}<\/script>\n<!-- \/ Yoast SEO plugin. -->","yoast_head_json":{"title":"Ruta en autocaravana pel Baix Empord\u00e0 - Caravaning Esguard","robots":{"index":"index","follow":"follow","max-snippet":"max-snippet:-1","max-image-preview":"max-image-preview:large","max-video-preview":"max-video-preview:-1"},"canonical":"https:\/\/www.caravaning-esguard.com\/en\/ruta-en-autocaravana-pel-baix-emporda\/","og_locale":"en_GB","og_type":"article","og_title":"Ruta en autocaravana pel Baix Empord\u00e0 - Caravaning Esguard","og_description":"Avui et portem de ruta en autocaravana pel nostre estimat Baix Empord\u00e0. Aqu\u00ed no nom\u00e9s gaudir\u00e0s de les millors platges de la Costa Brava, sin\u00f3 que tamb\u00e9 dels pobles medievals m\u00e9s bonics, dels millors paratges hist\u00f2rics, arqueol\u00f2gics i d'inter\u00e8s de la zona.","og_url":"https:\/\/www.caravaning-esguard.com\/en\/ruta-en-autocaravana-pel-baix-emporda\/","og_site_name":"Caravaning Esguard","article_publisher":"https:\/\/www.facebook.com\/caravaningesguard\/","article_published_time":"2024-07-25T09:34:08+00:00","article_modified_time":"2026-01-19T10:28:54+00:00","og_image":[{"width":900,"height":500,"url":"https:\/\/www.caravaning-esguard.com\/wp-content\/uploads\/2024\/07\/Caravaning-Esguard-Blog-Ruta-pel-Baix-Emporda.jpg","type":"image\/jpeg"}],"author":"Esguard Caravaning | Admin","twitter_card":"summary_large_image","twitter_misc":{"Written by":"Esguard Caravaning | Admin","Estimated reading time":"4 minutes"},"schema":{"@context":"https:\/\/schema.org","@graph":[{"@type":"Article","@id":"https:\/\/www.caravaning-esguard.com\/ruta-en-autocaravana-pel-baix-emporda\/#article","isPartOf":{"@id":"https:\/\/www.caravaning-esguard.com\/ruta-en-autocaravana-pel-baix-emporda\/"},"author":{"name":"Esguard Caravaning | Admin","@id":"https:\/\/www.caravaning-esguard.com\/#\/schema\/person\/05ac6bcbad9099b2a8da5d84967c45e7"},"headline":"Ruta en autocaravana pel Baix Empord\u00e0","datePublished":"2024-07-25T09:34:08+00:00","dateModified":"2026-01-19T10:28:54+00:00","mainEntityOfPage":{"@id":"https:\/\/www.caravaning-esguard.com\/ruta-en-autocaravana-pel-baix-emporda\/"},"wordCount":884,"publisher":{"@id":"https:\/\/www.caravaning-esguard.com\/#organization"},"image":{"@id":"https:\/\/www.caravaning-esguard.com\/ruta-en-autocaravana-pel-baix-emporda\/#primaryimage"},"thumbnailUrl":"https:\/\/www.caravaning-esguard.com\/wp-content\/uploads\/2024\/07\/Caravaning-Esguard-Blog-Ruta-pel-Baix-Emporda.jpg","articleSection":["Blog"],"inLanguage":"en-GB"},{"@type":"WebPage","@id":"https:\/\/www.caravaning-esguard.com\/ruta-en-autocaravana-pel-baix-emporda\/","url":"https:\/\/www.caravaning-esguard.com\/ruta-en-autocaravana-pel-baix-emporda\/","name":"Ruta en autocaravana pel Baix Empord\u00e0 - Caravaning Esguard","isPartOf":{"@id":"https:\/\/www.caravaning-esguard.com\/#website"},"primaryImageOfPage":{"@id":"https:\/\/www.caravaning-esguard.com\/ruta-en-autocaravana-pel-baix-emporda\/#primaryimage"},"image":{"@id":"https:\/\/www.caravaning-esguard.com\/ruta-en-autocaravana-pel-baix-emporda\/#primaryimage"},"thumbnailUrl":"https:\/\/www.caravaning-esguard.com\/wp-content\/uploads\/2024\/07\/Caravaning-Esguard-Blog-Ruta-pel-Baix-Emporda.jpg","datePublished":"2024-07-25T09:34:08+00:00","dateModified":"2026-01-19T10:28:54+00:00","breadcrumb":{"@id":"https:\/\/www.caravaning-esguard.com\/ruta-en-autocaravana-pel-baix-emporda\/#breadcrumb"},"inLanguage":"en-GB","potentialAction":[{"@type":"ReadAction","target":["https:\/\/www.caravaning-esguard.com\/ruta-en-autocaravana-pel-baix-emporda\/"]}]},{"@type":"ImageObject","inLanguage":"en-GB","@id":"https:\/\/www.caravaning-esguard.com\/ruta-en-autocaravana-pel-baix-emporda\/#primaryimage","url":"https:\/\/www.caravaning-esguard.com\/wp-content\/uploads\/2024\/07\/Caravaning-Esguard-Blog-Ruta-pel-Baix-Emporda.jpg","contentUrl":"https:\/\/www.caravaning-esguard.com\/wp-content\/uploads\/2024\/07\/Caravaning-Esguard-Blog-Ruta-pel-Baix-Emporda.jpg","width":900,"height":500,"caption":"Caravaning Esguard - Blog - Ruta en autocaravana pel Baix Empord\u00e0"},{"@type":"BreadcrumbList","@id":"https:\/\/www.caravaning-esguard.com\/ruta-en-autocaravana-pel-baix-emporda\/#breadcrumb","itemListElement":[{"@type":"ListItem","position":1,"name":"Home","item":"https:\/\/www.caravaning-esguard.com\/"},{"@type":"ListItem","position":2,"name":"Ruta en autocaravana pel Baix Empord\u00e0"}]},{"@type":"WebSite","@id":"https:\/\/www.caravaning-esguard.com\/#website","url":"https:\/\/www.caravaning-esguard.com\/","name":"Caravaning Esguard","description":"Santa Cristina d&#039;Aro","publisher":{"@id":"https:\/\/www.caravaning-esguard.com\/#organization"},"potentialAction":[{"@type":"SearchAction","target":{"@type":"EntryPoint","urlTemplate":"https:\/\/www.caravaning-esguard.com\/?s={search_term_string}"},"query-input":{"@type":"PropertyValueSpecification","valueRequired":true,"valueName":"search_term_string"}}],"inLanguage":"en-GB"},{"@type":"Organization","@id":"https:\/\/www.caravaning-esguard.com\/#organization","name":"Caravaning Esguard","url":"https:\/\/www.caravaning-esguard.com\/","logo":{"@type":"ImageObject","inLanguage":"en-GB","@id":"https:\/\/www.caravaning-esguard.com\/#\/schema\/logo\/image\/","url":"https:\/\/www.caravaning-esguard.com\/wp-content\/uploads\/2023\/09\/Caravaning-Esguard-Santa-Cristina-dAro-Logo.png","contentUrl":"https:\/\/www.caravaning-esguard.com\/wp-content\/uploads\/2023\/09\/Caravaning-Esguard-Santa-Cristina-dAro-Logo.png","width":228,"height":80,"caption":"Caravaning Esguard"},"image":{"@id":"https:\/\/www.caravaning-esguard.com\/#\/schema\/logo\/image\/"},"sameAs":["https:\/\/www.facebook.com\/caravaningesguard\/","https:\/\/www.instagram.com\/caravaningesguard\/"]},{"@type":"Person","@id":"https:\/\/www.caravaning-esguard.com\/#\/schema\/person\/05ac6bcbad9099b2a8da5d84967c45e7","name":"Esguard Caravaning | Admin","sameAs":["https:\/\/www.estudi33.net"],"url":"https:\/\/www.caravaning-esguard.com\/en\/author\/esguard-caravaning-scda\/"}]}},"_links":{"self":[{"href":"https:\/\/www.caravaning-esguard.com\/en\/wp-json\/wp\/v2\/posts\/5901","targetHints":{"allow":["GET"]}}],"collection":[{"href":"https:\/\/www.caravaning-esguard.com\/en\/wp-json\/wp\/v2\/posts"}],"about":[{"href":"https:\/\/www.caravaning-esguard.com\/en\/wp-json\/wp\/v2\/types\/post"}],"author":[{"embeddable":true,"href":"https:\/\/www.caravaning-esguard.com\/en\/wp-json\/wp\/v2\/users\/1"}],"replies":[{"embeddable":true,"href":"https:\/\/www.caravaning-esguard.com\/en\/wp-json\/wp\/v2\/comments?post=5901"}],"version-history":[{"count":0,"href":"https:\/\/www.caravaning-esguard.com\/en\/wp-json\/wp\/v2\/posts\/5901\/revisions"}],"wp:featuredmedia":[{"embeddable":true,"href":"https:\/\/www.caravaning-esguard.com\/en\/wp-json\/wp\/v2\/media\/5902"}],"wp:attachment":[{"href":"https:\/\/www.caravaning-esguard.com\/en\/wp-json\/wp\/v2\/media?parent=5901"}],"wp:term":[{"taxonomy":"category","embeddable":true,"href":"https:\/\/www.caravaning-esguard.com\/en\/wp-json\/wp\/v2\/categories?post=5901"},{"taxonomy":"post_tag","embeddable":true,"href":"https:\/\/www.caravaning-esguard.com\/en\/wp-json\/wp\/v2\/tags?post=5901"}],"curies":[{"name":"wp","href":"https:\/\/api.w.org\/{rel}","templated":true}]}}