{"id":5749,"date":"2024-01-16T15:39:52","date_gmt":"2024-01-16T14:39:52","guid":{"rendered":"https:\/\/www.caravaning-esguard.com\/?p=5749"},"modified":"2026-01-21T19:59:26","modified_gmt":"2026-01-21T18:59:26","slug":"planifica-el-teu-proper-desti-amb-caravaning-esguard","status":"publish","type":"post","link":"https:\/\/www.caravaning-esguard.com\/es\/planifica-el-teu-proper-desti-amb-caravaning-esguard\/","title":{"rendered":"\u00a1Planifica tu pr\u00f3ximo destino con Caravaning Esguard!"},"content":{"rendered":"<p style=\"text-align: justify;\">Arranca 2024 y con \u00e9l mil ideas de viajes y escapadas.<\/p>\n<p style=\"text-align: justify;\">Te acercamos a 6 destinos imprescindibles, elige la tuya para tu pr\u00f3xima escapada!<\/p>\n<h3><span style=\"font-size: 14pt;\">Bardenas\u00a0Reales, en Navarra<\/span><\/h3>\n<p style=\"text-align: justify;\">Se trata de un paisaje semides\u00e9rtico que puedes visitar con tu veh\u00edculo y que te dejar\u00e1 perplejo con sus miradores.<\/p>\n<div id=\"attachment_5765\" style=\"width: 910px\" class=\"wp-caption aligncenter\"><img fetchpriority=\"high\" decoding=\"async\" aria-describedby=\"caption-attachment-5765\" class=\"wp-image-5765 size-full\" title=\"Caravaning Esguard - Blog - Planifica tu pr\u00f3ximo destino - Bardenas Reales, Navarra\" src=\"https:\/\/www.caravaning-esguard.com\/wp-content\/uploads\/2024\/01\/Caravaning-Esguard-Blog-Planifica-el-teu-proper-desti-Bardenas-Reales-Navarra.jpg\" alt=\"Caravaning Esguard - Blog - Planifica tu pr\u00f3ximo destino - Bardenas Reales, Navarra\" width=\"900\" height=\"500\" srcset=\"https:\/\/www.caravaning-esguard.com\/wp-content\/uploads\/2024\/01\/Caravaning-Esguard-Blog-Planifica-el-teu-proper-desti-Bardenas-Reales-Navarra.jpg 900w, https:\/\/www.caravaning-esguard.com\/wp-content\/uploads\/2024\/01\/Caravaning-Esguard-Blog-Planifica-el-teu-proper-desti-Bardenas-Reales-Navarra-300x167.jpg 300w, https:\/\/www.caravaning-esguard.com\/wp-content\/uploads\/2024\/01\/Caravaning-Esguard-Blog-Planifica-el-teu-proper-desti-Bardenas-Reales-Navarra-768x427.jpg 768w\" sizes=\"(max-width: 900px) 100vw, 900px\" \/><p id=\"caption-attachment-5765\" class=\"wp-caption-text\">Bardenas Reales, Navarra<\/p><\/div>\n<h3><span style=\"font-size: 14pt;\">La Garrotxa, en Catalunya<\/span><\/h3>\n<p style=\"text-align: justify;\">Ofrece un impresionante paisaje con sus m\u00e1s de 40 volcanes. Ofrece muchas posibilidades de visita, incluyendo tambi\u00e9n una ruta en la que puedes conducir tu veh\u00edculo. Adem\u00e1s, si viajas en autocaravana, es un destino ideal para ver empezar el d\u00eda cuando te levantes.<\/p>\n<div id=\"attachment_5767\" style=\"width: 910px\" class=\"wp-caption aligncenter\"><img decoding=\"async\" aria-describedby=\"caption-attachment-5767\" class=\"wp-image-5767 size-full\" title=\"Caravaning Esguard - Blog - Planifica tu pr\u00f3ximo destino - La Garrotxa, Catalu\u00f1a\" src=\"https:\/\/www.caravaning-esguard.com\/wp-content\/uploads\/2024\/01\/Caravaning-Esguard-Blog-Planifica-el-teu-proper-desti-La-Garrotxa-Catalunya.jpg\" alt=\"Caravaning Esguard - Blog - Planifica tu pr\u00f3ximo destino - La Garrotxa, Catalu\u00f1a\" width=\"900\" height=\"500\" srcset=\"https:\/\/www.caravaning-esguard.com\/wp-content\/uploads\/2024\/01\/Caravaning-Esguard-Blog-Planifica-el-teu-proper-desti-La-Garrotxa-Catalunya.jpg 900w, https:\/\/www.caravaning-esguard.com\/wp-content\/uploads\/2024\/01\/Caravaning-Esguard-Blog-Planifica-el-teu-proper-desti-La-Garrotxa-Catalunya-300x167.jpg 300w, https:\/\/www.caravaning-esguard.com\/wp-content\/uploads\/2024\/01\/Caravaning-Esguard-Blog-Planifica-el-teu-proper-desti-La-Garrotxa-Catalunya-768x427.jpg 768w\" sizes=\"(max-width: 900px) 100vw, 900px\" \/><p id=\"caption-attachment-5767\" class=\"wp-caption-text\">La Garrotxa, Catalu\u00f1a<\/p><\/div>\n<h3><span style=\"font-size: 14pt;\">Parque Nacional de Ordesa y Monte Perdido, en Arag\u00f3n<\/span><\/h3>\n<p style=\"text-align: justify;\">Es uno de los parques m\u00e1s bellos de nuestro pa\u00eds. Ofrece unas impresionantes vistas y, durmiendo en tu caravana, te ahorrar\u00e1s tener que desplazarte hasta el lugar tan pronto como los dem\u00e1s para encontrar un sitio donde aparcar.<\/p>\n<div id=\"attachment_5763\" style=\"width: 910px\" class=\"wp-caption aligncenter\"><img decoding=\"async\" aria-describedby=\"caption-attachment-5763\" class=\"wp-image-5763 size-full\" title=\"Caravaning Esguard - Blog - Planifica tu pr\u00f3ximo destino - Ordesa y Monte Perdido, Arag\u00f3n\" src=\"https:\/\/www.caravaning-esguard.com\/wp-content\/uploads\/2024\/01\/Caravaning-Esguard-Blog-Planifica-el-teu-proper-desti-Ordesa-i-Monte-Perdido-Arago.jpg\" alt=\"Caravaning Esguard - Blog - Planifica tu pr\u00f3ximo destino - Ordesa y Monte Perdido, Arag\u00f3n\" width=\"900\" height=\"500\" srcset=\"https:\/\/www.caravaning-esguard.com\/wp-content\/uploads\/2024\/01\/Caravaning-Esguard-Blog-Planifica-el-teu-proper-desti-Ordesa-i-Monte-Perdido-Arago.jpg 900w, https:\/\/www.caravaning-esguard.com\/wp-content\/uploads\/2024\/01\/Caravaning-Esguard-Blog-Planifica-el-teu-proper-desti-Ordesa-i-Monte-Perdido-Arago-300x167.jpg 300w, https:\/\/www.caravaning-esguard.com\/wp-content\/uploads\/2024\/01\/Caravaning-Esguard-Blog-Planifica-el-teu-proper-desti-Ordesa-i-Monte-Perdido-Arago-768x427.jpg 768w\" sizes=\"(max-width: 900px) 100vw, 900px\" \/><p id=\"caption-attachment-5763\" class=\"wp-caption-text\">Parque Nacional de Ordesa y Monte Perdido, Arag\u00f3n<\/p><\/div>\n<h3><span style=\"font-size: 14pt;\">Valle del Silencio, en Le\u00f3n<br \/>\n<\/span><\/h3>\n<p style=\"text-align: justify;\">Situado en Le\u00f3n, el Valle del Silencio es una de las mejores opciones si lo que quieres es desconectar. Adem\u00e1s de la multitud de rutas que puedes realizar, podr\u00e1s visitar\u00a0Pe\u00f1alba\u00a0de Santiago, un peque\u00f1o pueblo a los pies de la monta\u00f1a que destaca por su arquitectura popular conservada.<\/p>\n<div id=\"attachment_5769\" style=\"width: 910px\" class=\"wp-caption aligncenter\"><img loading=\"lazy\" decoding=\"async\" aria-describedby=\"caption-attachment-5769\" class=\"wp-image-5769 size-full\" title=\"Caravaning Esguard - Blog - Planifica tu pr\u00f3ximo destino - Valle del Silencio, Le\u00f3n\" src=\"https:\/\/www.caravaning-esguard.com\/wp-content\/uploads\/2024\/01\/Caravaning-Esguard-Blog-Planifica-el-teu-proper-desti-Vall-del-Silencio-Lleo.jpg\" alt=\"Caravaning Esguard - Blog - Planifica tu pr\u00f3ximo destino - Valle del Silencio, Le\u00f3n\" width=\"900\" height=\"500\" srcset=\"https:\/\/www.caravaning-esguard.com\/wp-content\/uploads\/2024\/01\/Caravaning-Esguard-Blog-Planifica-el-teu-proper-desti-Vall-del-Silencio-Lleo.jpg 900w, https:\/\/www.caravaning-esguard.com\/wp-content\/uploads\/2024\/01\/Caravaning-Esguard-Blog-Planifica-el-teu-proper-desti-Vall-del-Silencio-Lleo-300x167.jpg 300w, https:\/\/www.caravaning-esguard.com\/wp-content\/uploads\/2024\/01\/Caravaning-Esguard-Blog-Planifica-el-teu-proper-desti-Vall-del-Silencio-Lleo-768x427.jpg 768w\" sizes=\"(max-width: 900px) 100vw, 900px\" \/><p id=\"caption-attachment-5769\" class=\"wp-caption-text\">Valle del Silencio, Le\u00f3n<\/p><\/div>\n<h3><span style=\"font-size: 14pt;\">Selva de Irati, en Navarra<br \/>\n<\/span><\/h3>\n<p style=\"text-align: justify;\">Si en Navarra las Bardenas Reales te han sabido a poco, puedes desplazarte hasta la Selva de Irati, un denso bosque de hayas y abetos considerado entre los mejores de Europa.<\/p>\n<div id=\"attachment_5770\" style=\"width: 910px\" class=\"wp-caption aligncenter\"><img loading=\"lazy\" decoding=\"async\" aria-describedby=\"caption-attachment-5770\" class=\"wp-image-5770 size-full\" title=\"Caravaning Esguard - Blog - Planifica tu pr\u00f3ximo destino - Selva de Irati, Navarra\" src=\"https:\/\/www.caravaning-esguard.com\/wp-content\/uploads\/2024\/01\/Caravaning-Esguard-Blog-Planifica-el-teu-proper-desti-Selva-de-Irati-Navarra.jpg\" alt=\"Caravaning Esguard - Blog - Planifica tu pr\u00f3ximo destino - Selva de Irati, Navarra\" width=\"900\" height=\"500\" srcset=\"https:\/\/www.caravaning-esguard.com\/wp-content\/uploads\/2024\/01\/Caravaning-Esguard-Blog-Planifica-el-teu-proper-desti-Selva-de-Irati-Navarra.jpg 900w, https:\/\/www.caravaning-esguard.com\/wp-content\/uploads\/2024\/01\/Caravaning-Esguard-Blog-Planifica-el-teu-proper-desti-Selva-de-Irati-Navarra-300x167.jpg 300w, https:\/\/www.caravaning-esguard.com\/wp-content\/uploads\/2024\/01\/Caravaning-Esguard-Blog-Planifica-el-teu-proper-desti-Selva-de-Irati-Navarra-768x427.jpg 768w\" sizes=\"(max-width: 900px) 100vw, 900px\" \/><p id=\"caption-attachment-5770\" class=\"wp-caption-text\">Selva de Irati, Navarra<\/p><\/div>\n<h3><span style=\"font-size: 14pt;\">Parque Nacional de Aig\u00fcestortes y Estany de Sant Maurici, en Catalu\u00f1a<br \/>\n<\/span><\/h3>\n<p style=\"text-align: justify;\">Para terminar, y tambi\u00e9n en Catalu\u00f1a, el Parque Nacional de Aig\u00fcestortes y Estany de Sant Maurici ofrece un impresionante relieve y una gran riqueza de fauna y vegetaci\u00f3n con sus casi 200 lagos y arroyos. Un para\u00edso en el que perderse.<\/p>\n<div id=\"attachment_5772\" style=\"width: 910px\" class=\"wp-caption aligncenter\"><img loading=\"lazy\" decoding=\"async\" aria-describedby=\"caption-attachment-5772\" class=\"wp-image-5772 size-full\" title=\"Caravaning Esguard - Blog - Planifica tu pr\u00f3ximo destino - Parque Nacional de Aig\u00fcestortes y Estany de Sant Maurici, Catalu\u00f1a\" src=\"https:\/\/www.caravaning-esguard.com\/wp-content\/uploads\/2024\/01\/Caravaning-Esguard-Blog-Planifica-el-teu-proper-desti-Parc-Nacional-dAiguestortes-i-Estany-de-Sant-Maurici-Catalunya.jpg\" alt=\"Caravaning Esguard - Blog - Planifica tu pr\u00f3ximo destino - Parque Nacional de Aig\u00fcestortes y Estany de Sant Maurici, Catalu\u00f1a\" width=\"900\" height=\"500\" srcset=\"https:\/\/www.caravaning-esguard.com\/wp-content\/uploads\/2024\/01\/Caravaning-Esguard-Blog-Planifica-el-teu-proper-desti-Parc-Nacional-dAiguestortes-i-Estany-de-Sant-Maurici-Catalunya.jpg 900w, https:\/\/www.caravaning-esguard.com\/wp-content\/uploads\/2024\/01\/Caravaning-Esguard-Blog-Planifica-el-teu-proper-desti-Parc-Nacional-dAiguestortes-i-Estany-de-Sant-Maurici-Catalunya-300x167.jpg 300w, https:\/\/www.caravaning-esguard.com\/wp-content\/uploads\/2024\/01\/Caravaning-Esguard-Blog-Planifica-el-teu-proper-desti-Parc-Nacional-dAiguestortes-i-Estany-de-Sant-Maurici-Catalunya-768x427.jpg 768w\" sizes=\"(max-width: 900px) 100vw, 900px\" \/><p id=\"caption-attachment-5772\" class=\"wp-caption-text\">Parque Nacional de Aig\u00fcestortes y Estany de Sant Maurici, Catalu\u00f1a<\/p><\/div>\n<h3>Dif\u00edcil elegir, \u00bfverdad?<\/h3>\n<h2>Caravanners, \u00a1vamos por un gran 2024!<\/h2>","protected":false},"excerpt":{"rendered":"<p>Arrenca 2024 i amb ell mil idees de viatges i escapades. T&#8217;acostem a 6 destinacions imprescindibles, tria la teva per a la teva propera escapada! Caravanners, anem per un gran 2024!<\/p>","protected":false},"author":1,"featured_media":5754,"comment_status":"closed","ping_status":"closed","sticky":false,"template":"","format":"standard","meta":{"footnotes":""},"categories":[1],"tags":[],"class_list":["post-5749","post","type-post","status-publish","format-standard","has-post-thumbnail","hentry","category-blog"],"yoast_head":"<!-- This site is optimized with the Yoast SEO plugin v27.5 - https:\/\/yoast.com\/product\/yoast-seo-wordpress\/ -->\n<title>Planifica el teu proper dest\u00ed amb Caravaning Esguard! - Caravaning Esguard<\/title>\n<meta name=\"robots\" content=\"index, follow, max-snippet:-1, max-image-preview:large, max-video-preview:-1\" \/>\n<link rel=\"canonical\" href=\"https:\/\/www.caravaning-esguard.com\/es\/planifica-el-teu-proper-desti-amb-caravaning-esguard\/\" \/>\n<meta property=\"og:locale\" content=\"es_ES\" \/>\n<meta property=\"og:type\" content=\"article\" \/>\n<meta property=\"og:title\" content=\"Planifica el teu proper dest\u00ed amb Caravaning Esguard! - Caravaning Esguard\" \/>\n<meta property=\"og:description\" content=\"Arrenca 2024 i amb ell mil idees de viatges i escapades. T&#039;acostem a 6 destinacions imprescindibles, tria la teva per a la teva propera escapada! Caravanners, anem per un gran 2024!\" \/>\n<meta property=\"og:url\" content=\"https:\/\/www.caravaning-esguard.com\/es\/planifica-el-teu-proper-desti-amb-caravaning-esguard\/\" \/>\n<meta property=\"og:site_name\" content=\"Caravaning Esguard\" \/>\n<meta property=\"article:publisher\" content=\"https:\/\/www.facebook.com\/caravaningesguard\/\" \/>\n<meta property=\"article:published_time\" content=\"2024-01-16T14:39:52+00:00\" \/>\n<meta property=\"article:modified_time\" content=\"2026-01-21T18:59:26+00:00\" \/>\n<meta property=\"og:image\" content=\"https:\/\/www.caravaning-esguard.com\/wp-content\/uploads\/2024\/01\/Caravaning-Esguard-Blog-Planifica-el-teu-proper-desti.jpg\" \/>\n\t<meta property=\"og:image:width\" content=\"960\" \/>\n\t<meta property=\"og:image:height\" content=\"640\" \/>\n\t<meta property=\"og:image:type\" content=\"image\/jpeg\" \/>\n<meta name=\"author\" content=\"Esguard Caravaning | Admin\" \/>\n<meta name=\"twitter:card\" content=\"summary_large_image\" \/>\n<meta name=\"twitter:label1\" content=\"Escrito por\" \/>\n\t<meta name=\"twitter:data1\" content=\"Esguard Caravaning | Admin\" \/>\n\t<meta name=\"twitter:label2\" content=\"Tiempo de lectura\" \/>\n\t<meta name=\"twitter:data2\" content=\"2 minutos\" \/>\n<script type=\"application\/ld+json\" class=\"yoast-schema-graph\">{\"@context\":\"https:\\\/\\\/schema.org\",\"@graph\":[{\"@type\":\"Article\",\"@id\":\"https:\\\/\\\/www.caravaning-esguard.com\\\/planifica-el-teu-proper-desti-amb-caravaning-esguard\\\/#article\",\"isPartOf\":{\"@id\":\"https:\\\/\\\/www.caravaning-esguard.com\\\/planifica-el-teu-proper-desti-amb-caravaning-esguard\\\/\"},\"author\":{\"name\":\"Esguard Caravaning | Admin\",\"@id\":\"https:\\\/\\\/www.caravaning-esguard.com\\\/#\\\/schema\\\/person\\\/05ac6bcbad9099b2a8da5d84967c45e7\"},\"headline\":\"Planifica el teu proper dest\u00ed amb Caravaning Esguard!\",\"datePublished\":\"2024-01-16T14:39:52+00:00\",\"dateModified\":\"2026-01-21T18:59:26+00:00\",\"mainEntityOfPage\":{\"@id\":\"https:\\\/\\\/www.caravaning-esguard.com\\\/planifica-el-teu-proper-desti-amb-caravaning-esguard\\\/\"},\"wordCount\":402,\"publisher\":{\"@id\":\"https:\\\/\\\/www.caravaning-esguard.com\\\/#organization\"},\"image\":{\"@id\":\"https:\\\/\\\/www.caravaning-esguard.com\\\/planifica-el-teu-proper-desti-amb-caravaning-esguard\\\/#primaryimage\"},\"thumbnailUrl\":\"https:\\\/\\\/www.caravaning-esguard.com\\\/wp-content\\\/uploads\\\/2024\\\/01\\\/Caravaning-Esguard-Blog-Planifica-el-teu-proper-desti.jpg\",\"articleSection\":[\"Blog\"],\"inLanguage\":\"es\"},{\"@type\":\"WebPage\",\"@id\":\"https:\\\/\\\/www.caravaning-esguard.com\\\/planifica-el-teu-proper-desti-amb-caravaning-esguard\\\/\",\"url\":\"https:\\\/\\\/www.caravaning-esguard.com\\\/planifica-el-teu-proper-desti-amb-caravaning-esguard\\\/\",\"name\":\"Planifica el teu proper dest\u00ed amb Caravaning Esguard! - Caravaning Esguard\",\"isPartOf\":{\"@id\":\"https:\\\/\\\/www.caravaning-esguard.com\\\/#website\"},\"primaryImageOfPage\":{\"@id\":\"https:\\\/\\\/www.caravaning-esguard.com\\\/planifica-el-teu-proper-desti-amb-caravaning-esguard\\\/#primaryimage\"},\"image\":{\"@id\":\"https:\\\/\\\/www.caravaning-esguard.com\\\/planifica-el-teu-proper-desti-amb-caravaning-esguard\\\/#primaryimage\"},\"thumbnailUrl\":\"https:\\\/\\\/www.caravaning-esguard.com\\\/wp-content\\\/uploads\\\/2024\\\/01\\\/Caravaning-Esguard-Blog-Planifica-el-teu-proper-desti.jpg\",\"datePublished\":\"2024-01-16T14:39:52+00:00\",\"dateModified\":\"2026-01-21T18:59:26+00:00\",\"breadcrumb\":{\"@id\":\"https:\\\/\\\/www.caravaning-esguard.com\\\/planifica-el-teu-proper-desti-amb-caravaning-esguard\\\/#breadcrumb\"},\"inLanguage\":\"es\",\"potentialAction\":[{\"@type\":\"ReadAction\",\"target\":[\"https:\\\/\\\/www.caravaning-esguard.com\\\/planifica-el-teu-proper-desti-amb-caravaning-esguard\\\/\"]}]},{\"@type\":\"ImageObject\",\"inLanguage\":\"es\",\"@id\":\"https:\\\/\\\/www.caravaning-esguard.com\\\/planifica-el-teu-proper-desti-amb-caravaning-esguard\\\/#primaryimage\",\"url\":\"https:\\\/\\\/www.caravaning-esguard.com\\\/wp-content\\\/uploads\\\/2024\\\/01\\\/Caravaning-Esguard-Blog-Planifica-el-teu-proper-desti.jpg\",\"contentUrl\":\"https:\\\/\\\/www.caravaning-esguard.com\\\/wp-content\\\/uploads\\\/2024\\\/01\\\/Caravaning-Esguard-Blog-Planifica-el-teu-proper-desti.jpg\",\"width\":960,\"height\":640,\"caption\":\"Caravaning Esguard - Blog - Planifica el teu proper dest\u00ed\"},{\"@type\":\"BreadcrumbList\",\"@id\":\"https:\\\/\\\/www.caravaning-esguard.com\\\/planifica-el-teu-proper-desti-amb-caravaning-esguard\\\/#breadcrumb\",\"itemListElement\":[{\"@type\":\"ListItem\",\"position\":1,\"name\":\"Home\",\"item\":\"https:\\\/\\\/www.caravaning-esguard.com\\\/\"},{\"@type\":\"ListItem\",\"position\":2,\"name\":\"Planifica el teu proper dest\u00ed amb Caravaning Esguard!\"}]},{\"@type\":\"WebSite\",\"@id\":\"https:\\\/\\\/www.caravaning-esguard.com\\\/#website\",\"url\":\"https:\\\/\\\/www.caravaning-esguard.com\\\/\",\"name\":\"Caravaning Esguard\",\"description\":\"Santa Cristina d&#039;Aro\",\"publisher\":{\"@id\":\"https:\\\/\\\/www.caravaning-esguard.com\\\/#organization\"},\"potentialAction\":[{\"@type\":\"SearchAction\",\"target\":{\"@type\":\"EntryPoint\",\"urlTemplate\":\"https:\\\/\\\/www.caravaning-esguard.com\\\/?s={search_term_string}\"},\"query-input\":{\"@type\":\"PropertyValueSpecification\",\"valueRequired\":true,\"valueName\":\"search_term_string\"}}],\"inLanguage\":\"es\"},{\"@type\":\"Organization\",\"@id\":\"https:\\\/\\\/www.caravaning-esguard.com\\\/#organization\",\"name\":\"Caravaning Esguard\",\"url\":\"https:\\\/\\\/www.caravaning-esguard.com\\\/\",\"logo\":{\"@type\":\"ImageObject\",\"inLanguage\":\"es\",\"@id\":\"https:\\\/\\\/www.caravaning-esguard.com\\\/#\\\/schema\\\/logo\\\/image\\\/\",\"url\":\"https:\\\/\\\/www.caravaning-esguard.com\\\/wp-content\\\/uploads\\\/2023\\\/09\\\/Caravaning-Esguard-Santa-Cristina-dAro-Logo.png\",\"contentUrl\":\"https:\\\/\\\/www.caravaning-esguard.com\\\/wp-content\\\/uploads\\\/2023\\\/09\\\/Caravaning-Esguard-Santa-Cristina-dAro-Logo.png\",\"width\":228,\"height\":80,\"caption\":\"Caravaning Esguard\"},\"image\":{\"@id\":\"https:\\\/\\\/www.caravaning-esguard.com\\\/#\\\/schema\\\/logo\\\/image\\\/\"},\"sameAs\":[\"https:\\\/\\\/www.facebook.com\\\/caravaningesguard\\\/\",\"https:\\\/\\\/www.instagram.com\\\/caravaningesguard\\\/\"]},{\"@type\":\"Person\",\"@id\":\"https:\\\/\\\/www.caravaning-esguard.com\\\/#\\\/schema\\\/person\\\/05ac6bcbad9099b2a8da5d84967c45e7\",\"name\":\"Esguard Caravaning | Admin\",\"sameAs\":[\"https:\\\/\\\/www.estudi33.net\"],\"url\":\"https:\\\/\\\/www.caravaning-esguard.com\\\/es\\\/author\\\/esguard-caravaning-scda\\\/\"}]}<\/script>\n<!-- \/ Yoast SEO plugin. -->","yoast_head_json":{"title":"Planifica el teu proper dest\u00ed amb Caravaning Esguard! - Caravaning Esguard","robots":{"index":"index","follow":"follow","max-snippet":"max-snippet:-1","max-image-preview":"max-image-preview:large","max-video-preview":"max-video-preview:-1"},"canonical":"https:\/\/www.caravaning-esguard.com\/es\/planifica-el-teu-proper-desti-amb-caravaning-esguard\/","og_locale":"es_ES","og_type":"article","og_title":"Planifica el teu proper dest\u00ed amb Caravaning Esguard! - Caravaning Esguard","og_description":"Arrenca 2024 i amb ell mil idees de viatges i escapades. T'acostem a 6 destinacions imprescindibles, tria la teva per a la teva propera escapada! Caravanners, anem per un gran 2024!","og_url":"https:\/\/www.caravaning-esguard.com\/es\/planifica-el-teu-proper-desti-amb-caravaning-esguard\/","og_site_name":"Caravaning Esguard","article_publisher":"https:\/\/www.facebook.com\/caravaningesguard\/","article_published_time":"2024-01-16T14:39:52+00:00","article_modified_time":"2026-01-21T18:59:26+00:00","og_image":[{"width":960,"height":640,"url":"https:\/\/www.caravaning-esguard.com\/wp-content\/uploads\/2024\/01\/Caravaning-Esguard-Blog-Planifica-el-teu-proper-desti.jpg","type":"image\/jpeg"}],"author":"Esguard Caravaning | Admin","twitter_card":"summary_large_image","twitter_misc":{"Escrito por":"Esguard Caravaning | Admin","Tiempo de lectura":"2 minutos"},"schema":{"@context":"https:\/\/schema.org","@graph":[{"@type":"Article","@id":"https:\/\/www.caravaning-esguard.com\/planifica-el-teu-proper-desti-amb-caravaning-esguard\/#article","isPartOf":{"@id":"https:\/\/www.caravaning-esguard.com\/planifica-el-teu-proper-desti-amb-caravaning-esguard\/"},"author":{"name":"Esguard Caravaning | Admin","@id":"https:\/\/www.caravaning-esguard.com\/#\/schema\/person\/05ac6bcbad9099b2a8da5d84967c45e7"},"headline":"Planifica el teu proper dest\u00ed amb Caravaning Esguard!","datePublished":"2024-01-16T14:39:52+00:00","dateModified":"2026-01-21T18:59:26+00:00","mainEntityOfPage":{"@id":"https:\/\/www.caravaning-esguard.com\/planifica-el-teu-proper-desti-amb-caravaning-esguard\/"},"wordCount":402,"publisher":{"@id":"https:\/\/www.caravaning-esguard.com\/#organization"},"image":{"@id":"https:\/\/www.caravaning-esguard.com\/planifica-el-teu-proper-desti-amb-caravaning-esguard\/#primaryimage"},"thumbnailUrl":"https:\/\/www.caravaning-esguard.com\/wp-content\/uploads\/2024\/01\/Caravaning-Esguard-Blog-Planifica-el-teu-proper-desti.jpg","articleSection":["Blog"],"inLanguage":"es"},{"@type":"WebPage","@id":"https:\/\/www.caravaning-esguard.com\/planifica-el-teu-proper-desti-amb-caravaning-esguard\/","url":"https:\/\/www.caravaning-esguard.com\/planifica-el-teu-proper-desti-amb-caravaning-esguard\/","name":"Planifica el teu proper dest\u00ed amb Caravaning Esguard! - Caravaning Esguard","isPartOf":{"@id":"https:\/\/www.caravaning-esguard.com\/#website"},"primaryImageOfPage":{"@id":"https:\/\/www.caravaning-esguard.com\/planifica-el-teu-proper-desti-amb-caravaning-esguard\/#primaryimage"},"image":{"@id":"https:\/\/www.caravaning-esguard.com\/planifica-el-teu-proper-desti-amb-caravaning-esguard\/#primaryimage"},"thumbnailUrl":"https:\/\/www.caravaning-esguard.com\/wp-content\/uploads\/2024\/01\/Caravaning-Esguard-Blog-Planifica-el-teu-proper-desti.jpg","datePublished":"2024-01-16T14:39:52+00:00","dateModified":"2026-01-21T18:59:26+00:00","breadcrumb":{"@id":"https:\/\/www.caravaning-esguard.com\/planifica-el-teu-proper-desti-amb-caravaning-esguard\/#breadcrumb"},"inLanguage":"es","potentialAction":[{"@type":"ReadAction","target":["https:\/\/www.caravaning-esguard.com\/planifica-el-teu-proper-desti-amb-caravaning-esguard\/"]}]},{"@type":"ImageObject","inLanguage":"es","@id":"https:\/\/www.caravaning-esguard.com\/planifica-el-teu-proper-desti-amb-caravaning-esguard\/#primaryimage","url":"https:\/\/www.caravaning-esguard.com\/wp-content\/uploads\/2024\/01\/Caravaning-Esguard-Blog-Planifica-el-teu-proper-desti.jpg","contentUrl":"https:\/\/www.caravaning-esguard.com\/wp-content\/uploads\/2024\/01\/Caravaning-Esguard-Blog-Planifica-el-teu-proper-desti.jpg","width":960,"height":640,"caption":"Caravaning Esguard - Blog - Planifica el teu proper dest\u00ed"},{"@type":"BreadcrumbList","@id":"https:\/\/www.caravaning-esguard.com\/planifica-el-teu-proper-desti-amb-caravaning-esguard\/#breadcrumb","itemListElement":[{"@type":"ListItem","position":1,"name":"Home","item":"https:\/\/www.caravaning-esguard.com\/"},{"@type":"ListItem","position":2,"name":"Planifica el teu proper dest\u00ed amb Caravaning Esguard!"}]},{"@type":"WebSite","@id":"https:\/\/www.caravaning-esguard.com\/#website","url":"https:\/\/www.caravaning-esguard.com\/","name":"Caravaning Esguard","description":"Santa Cristina d&#039;Aro","publisher":{"@id":"https:\/\/www.caravaning-esguard.com\/#organization"},"potentialAction":[{"@type":"SearchAction","target":{"@type":"EntryPoint","urlTemplate":"https:\/\/www.caravaning-esguard.com\/?s={search_term_string}"},"query-input":{"@type":"PropertyValueSpecification","valueRequired":true,"valueName":"search_term_string"}}],"inLanguage":"es"},{"@type":"Organization","@id":"https:\/\/www.caravaning-esguard.com\/#organization","name":"Caravaning Esguard","url":"https:\/\/www.caravaning-esguard.com\/","logo":{"@type":"ImageObject","inLanguage":"es","@id":"https:\/\/www.caravaning-esguard.com\/#\/schema\/logo\/image\/","url":"https:\/\/www.caravaning-esguard.com\/wp-content\/uploads\/2023\/09\/Caravaning-Esguard-Santa-Cristina-dAro-Logo.png","contentUrl":"https:\/\/www.caravaning-esguard.com\/wp-content\/uploads\/2023\/09\/Caravaning-Esguard-Santa-Cristina-dAro-Logo.png","width":228,"height":80,"caption":"Caravaning Esguard"},"image":{"@id":"https:\/\/www.caravaning-esguard.com\/#\/schema\/logo\/image\/"},"sameAs":["https:\/\/www.facebook.com\/caravaningesguard\/","https:\/\/www.instagram.com\/caravaningesguard\/"]},{"@type":"Person","@id":"https:\/\/www.caravaning-esguard.com\/#\/schema\/person\/05ac6bcbad9099b2a8da5d84967c45e7","name":"Esguard Caravaning | Admin","sameAs":["https:\/\/www.estudi33.net"],"url":"https:\/\/www.caravaning-esguard.com\/es\/author\/esguard-caravaning-scda\/"}]}},"_links":{"self":[{"href":"https:\/\/www.caravaning-esguard.com\/es\/wp-json\/wp\/v2\/posts\/5749","targetHints":{"allow":["GET"]}}],"collection":[{"href":"https:\/\/www.caravaning-esguard.com\/es\/wp-json\/wp\/v2\/posts"}],"about":[{"href":"https:\/\/www.caravaning-esguard.com\/es\/wp-json\/wp\/v2\/types\/post"}],"author":[{"embeddable":true,"href":"https:\/\/www.caravaning-esguard.com\/es\/wp-json\/wp\/v2\/users\/1"}],"replies":[{"embeddable":true,"href":"https:\/\/www.caravaning-esguard.com\/es\/wp-json\/wp\/v2\/comments?post=5749"}],"version-history":[{"count":0,"href":"https:\/\/www.caravaning-esguard.com\/es\/wp-json\/wp\/v2\/posts\/5749\/revisions"}],"wp:featuredmedia":[{"embeddable":true,"href":"https:\/\/www.caravaning-esguard.com\/es\/wp-json\/wp\/v2\/media\/5754"}],"wp:attachment":[{"href":"https:\/\/www.caravaning-esguard.com\/es\/wp-json\/wp\/v2\/media?parent=5749"}],"wp:term":[{"taxonomy":"category","embeddable":true,"href":"https:\/\/www.caravaning-esguard.com\/es\/wp-json\/wp\/v2\/categories?post=5749"},{"taxonomy":"post_tag","embeddable":true,"href":"https:\/\/www.caravaning-esguard.com\/es\/wp-json\/wp\/v2\/tags?post=5749"}],"curies":[{"name":"wp","href":"https:\/\/api.w.org\/{rel}","templated":true}]}}