{"id":4258,"date":"2023-04-26T10:26:20","date_gmt":"2023-04-26T08:26:20","guid":{"rendered":"https:\/\/www.caravaning-esguard.com\/?p=4258"},"modified":"2026-01-19T11:36:02","modified_gmt":"2026-01-19T10:36:02","slug":"caravaning-esguard-estrena-nova-pagina-web","status":"publish","type":"post","link":"https:\/\/www.caravaning-esguard.com\/fr\/caravaning-esguard-estrena-nova-pagina-web\/","title":{"rendered":"Caravaning Esguard estrena nova p\u00e0gina web"},"content":{"rendered":"<h2 style=\"text-align: center;\">Caravaning Esguard estrena nova p\u00e0gina web!<\/h2>\n<p style=\"text-align: justify;\">M\u00e9s moderna, funcional\u2026 tot el que t&#8217;interessa a un clic!<\/p>\n<h4 style=\"text-align: justify;\">Si t&#8217;apassiona el m\u00f3n camper\u2026 aquest \u00e9s el teu lloc.<\/h4>\n<p style=\"text-align: justify;\">Descobreix qui som, els nostres <a href=\"https:\/\/www.caravaning-esguard.com\/fr\/serveis\/\" target=\"_blank\" rel=\"noopener\"><strong>serveis<\/strong><\/a>, coneix la nostra botiga i visita nostra <a href=\"https:\/\/shop.accessoryscamping.com\/\" target=\"_blank\" rel=\"noopener\"><strong>shop on line<\/strong><\/a>.<\/p>\n<p style=\"text-align: justify;\">Ah! I no deixis de visitar la nostra secci\u00f3 <a href=\"https:\/\/www.caravaning-esguard.com\/fr\/lloguer-alquiler-autocaravana\/\" target=\"_blank\" rel=\"noopener\"><strong>Rent &amp; Go<\/strong><\/a>: lloguer d&#8217;autocaravanes.<\/p>\n<p style=\"text-align: justify;\">Segueix-nos a la nostra secci\u00f3 <a href=\"https:\/\/www.caravaning-esguard.com\/fr\/blog\/\" target=\"_blank\" rel=\"noopener\"><strong>Blog<\/strong><\/a> per a estar al dia sobre el m\u00f3n camper: consells, novetats, informacions d&#8217;inter\u00e8s\u2026<\/p>\n<p style=\"text-align: justify;\">Esperem que t\u2019agradi tant com a nosaltres sentir-nos una miqueta m\u00e9s aprop teu.<\/p>\n<h3>Benvingut\/da\u00a0a la nostra nova web!<\/h3>\n<p><img fetchpriority=\"high\" decoding=\"async\" class=\"aligncenter wp-image-4328 size-full\" src=\"https:\/\/www.caravaning-esguard.com\/wp-content\/uploads\/2023\/05\/Caravaning-Esguard-Blog-Estrenem-pagina-web.jpg\" alt=\"\" width=\"960\" height=\"640\" srcset=\"https:\/\/www.caravaning-esguard.com\/wp-content\/uploads\/2023\/05\/Caravaning-Esguard-Blog-Estrenem-pagina-web.jpg 960w, https:\/\/www.caravaning-esguard.com\/wp-content\/uploads\/2023\/05\/Caravaning-Esguard-Blog-Estrenem-pagina-web-300x200.jpg 300w, https:\/\/www.caravaning-esguard.com\/wp-content\/uploads\/2023\/05\/Caravaning-Esguard-Blog-Estrenem-pagina-web-768x512.jpg 768w\" sizes=\"(max-width: 960px) 100vw, 960px\" \/><\/p>","protected":false},"excerpt":{"rendered":"<p>M\u00e9s moderna, funcional\u2026 tot el que t&#8217;interessa a un clic! Si t&#8217;apassiona el m\u00f3n camper\u2026 aquest \u00e9s el teu lloc. Descobreix qui som, els nostres serveis, coneix la nostra botiga i visita nostra shop on line.<\/p>","protected":false},"author":1,"featured_media":4328,"comment_status":"closed","ping_status":"closed","sticky":false,"template":"","format":"standard","meta":{"footnotes":""},"categories":[1],"tags":[],"class_list":["post-4258","post","type-post","status-publish","format-standard","has-post-thumbnail","hentry","category-blog"],"yoast_head":"<!-- This site is optimized with the Yoast SEO plugin v27.5 - https:\/\/yoast.com\/product\/yoast-seo-wordpress\/ -->\n<title>Caravaning Esguard estrena nova p\u00e0gina web - Caravaning Esguard<\/title>\n<meta name=\"robots\" content=\"index, follow, max-snippet:-1, max-image-preview:large, max-video-preview:-1\" \/>\n<link rel=\"canonical\" href=\"https:\/\/www.caravaning-esguard.com\/fr\/caravaning-esguard-estrena-nova-pagina-web\/\" \/>\n<meta property=\"og:locale\" content=\"fr_FR\" \/>\n<meta property=\"og:type\" content=\"article\" \/>\n<meta property=\"og:title\" content=\"Caravaning Esguard estrena nova p\u00e0gina web - Caravaning Esguard\" \/>\n<meta property=\"og:description\" content=\"M\u00e9s moderna, funcional\u2026 tot el que t&#039;interessa a un clic! Si t&#039;apassiona el m\u00f3n camper\u2026 aquest \u00e9s el teu lloc. Descobreix qui som, els nostres serveis, coneix la nostra botiga i visita nostra shop on line.\" \/>\n<meta property=\"og:url\" content=\"https:\/\/www.caravaning-esguard.com\/fr\/caravaning-esguard-estrena-nova-pagina-web\/\" \/>\n<meta property=\"og:site_name\" content=\"Caravaning Esguard\" \/>\n<meta property=\"article:publisher\" content=\"https:\/\/www.facebook.com\/caravaningesguard\/\" \/>\n<meta property=\"article:published_time\" content=\"2023-04-26T08:26:20+00:00\" \/>\n<meta property=\"article:modified_time\" content=\"2026-01-19T10:36:02+00:00\" \/>\n<meta property=\"og:image\" content=\"https:\/\/www.caravaning-esguard.com\/wp-content\/uploads\/2023\/05\/Caravaning-Esguard-Blog-Estrenem-pagina-web.jpg\" \/>\n\t<meta property=\"og:image:width\" content=\"960\" \/>\n\t<meta property=\"og:image:height\" content=\"640\" \/>\n\t<meta property=\"og:image:type\" content=\"image\/jpeg\" \/>\n<meta name=\"author\" content=\"Esguard Caravaning | Admin\" \/>\n<meta name=\"twitter:card\" content=\"summary_large_image\" \/>\n<meta name=\"twitter:label1\" content=\"\u00c9crit par\" \/>\n\t<meta name=\"twitter:data1\" content=\"Esguard Caravaning | Admin\" \/>\n\t<meta name=\"twitter:label2\" content=\"Dur\u00e9e de lecture estim\u00e9e\" \/>\n\t<meta name=\"twitter:data2\" content=\"1 minute\" \/>\n<script type=\"application\/ld+json\" class=\"yoast-schema-graph\">{\"@context\":\"https:\\\/\\\/schema.org\",\"@graph\":[{\"@type\":\"Article\",\"@id\":\"https:\\\/\\\/www.caravaning-esguard.com\\\/caravaning-esguard-estrena-nova-pagina-web\\\/#article\",\"isPartOf\":{\"@id\":\"https:\\\/\\\/www.caravaning-esguard.com\\\/caravaning-esguard-estrena-nova-pagina-web\\\/\"},\"author\":{\"name\":\"Esguard Caravaning | Admin\",\"@id\":\"https:\\\/\\\/www.caravaning-esguard.com\\\/#\\\/schema\\\/person\\\/05ac6bcbad9099b2a8da5d84967c45e7\"},\"headline\":\"Caravaning Esguard estrena nova p\u00e0gina web\",\"datePublished\":\"2023-04-26T08:26:20+00:00\",\"dateModified\":\"2026-01-19T10:36:02+00:00\",\"mainEntityOfPage\":{\"@id\":\"https:\\\/\\\/www.caravaning-esguard.com\\\/caravaning-esguard-estrena-nova-pagina-web\\\/\"},\"wordCount\":113,\"publisher\":{\"@id\":\"https:\\\/\\\/www.caravaning-esguard.com\\\/#organization\"},\"image\":{\"@id\":\"https:\\\/\\\/www.caravaning-esguard.com\\\/caravaning-esguard-estrena-nova-pagina-web\\\/#primaryimage\"},\"thumbnailUrl\":\"https:\\\/\\\/www.caravaning-esguard.com\\\/wp-content\\\/uploads\\\/2023\\\/05\\\/Caravaning-Esguard-Blog-Estrenem-pagina-web.jpg\",\"articleSection\":[\"Blog\"],\"inLanguage\":\"fr-FR\"},{\"@type\":\"WebPage\",\"@id\":\"https:\\\/\\\/www.caravaning-esguard.com\\\/caravaning-esguard-estrena-nova-pagina-web\\\/\",\"url\":\"https:\\\/\\\/www.caravaning-esguard.com\\\/caravaning-esguard-estrena-nova-pagina-web\\\/\",\"name\":\"Caravaning Esguard estrena nova p\u00e0gina web - Caravaning Esguard\",\"isPartOf\":{\"@id\":\"https:\\\/\\\/www.caravaning-esguard.com\\\/#website\"},\"primaryImageOfPage\":{\"@id\":\"https:\\\/\\\/www.caravaning-esguard.com\\\/caravaning-esguard-estrena-nova-pagina-web\\\/#primaryimage\"},\"image\":{\"@id\":\"https:\\\/\\\/www.caravaning-esguard.com\\\/caravaning-esguard-estrena-nova-pagina-web\\\/#primaryimage\"},\"thumbnailUrl\":\"https:\\\/\\\/www.caravaning-esguard.com\\\/wp-content\\\/uploads\\\/2023\\\/05\\\/Caravaning-Esguard-Blog-Estrenem-pagina-web.jpg\",\"datePublished\":\"2023-04-26T08:26:20+00:00\",\"dateModified\":\"2026-01-19T10:36:02+00:00\",\"breadcrumb\":{\"@id\":\"https:\\\/\\\/www.caravaning-esguard.com\\\/caravaning-esguard-estrena-nova-pagina-web\\\/#breadcrumb\"},\"inLanguage\":\"fr-FR\",\"potentialAction\":[{\"@type\":\"ReadAction\",\"target\":[\"https:\\\/\\\/www.caravaning-esguard.com\\\/caravaning-esguard-estrena-nova-pagina-web\\\/\"]}]},{\"@type\":\"ImageObject\",\"inLanguage\":\"fr-FR\",\"@id\":\"https:\\\/\\\/www.caravaning-esguard.com\\\/caravaning-esguard-estrena-nova-pagina-web\\\/#primaryimage\",\"url\":\"https:\\\/\\\/www.caravaning-esguard.com\\\/wp-content\\\/uploads\\\/2023\\\/05\\\/Caravaning-Esguard-Blog-Estrenem-pagina-web.jpg\",\"contentUrl\":\"https:\\\/\\\/www.caravaning-esguard.com\\\/wp-content\\\/uploads\\\/2023\\\/05\\\/Caravaning-Esguard-Blog-Estrenem-pagina-web.jpg\",\"width\":960,\"height\":640,\"caption\":\"Caravaning Esguard - Blog - Estrenem p\u00e0gina web\"},{\"@type\":\"BreadcrumbList\",\"@id\":\"https:\\\/\\\/www.caravaning-esguard.com\\\/caravaning-esguard-estrena-nova-pagina-web\\\/#breadcrumb\",\"itemListElement\":[{\"@type\":\"ListItem\",\"position\":1,\"name\":\"Home\",\"item\":\"https:\\\/\\\/www.caravaning-esguard.com\\\/\"},{\"@type\":\"ListItem\",\"position\":2,\"name\":\"Caravaning Esguard estrena nova p\u00e0gina web\"}]},{\"@type\":\"WebSite\",\"@id\":\"https:\\\/\\\/www.caravaning-esguard.com\\\/#website\",\"url\":\"https:\\\/\\\/www.caravaning-esguard.com\\\/\",\"name\":\"Caravaning Esguard\",\"description\":\"Santa Cristina d&#039;Aro\",\"publisher\":{\"@id\":\"https:\\\/\\\/www.caravaning-esguard.com\\\/#organization\"},\"potentialAction\":[{\"@type\":\"SearchAction\",\"target\":{\"@type\":\"EntryPoint\",\"urlTemplate\":\"https:\\\/\\\/www.caravaning-esguard.com\\\/?s={search_term_string}\"},\"query-input\":{\"@type\":\"PropertyValueSpecification\",\"valueRequired\":true,\"valueName\":\"search_term_string\"}}],\"inLanguage\":\"fr-FR\"},{\"@type\":\"Organization\",\"@id\":\"https:\\\/\\\/www.caravaning-esguard.com\\\/#organization\",\"name\":\"Caravaning Esguard\",\"url\":\"https:\\\/\\\/www.caravaning-esguard.com\\\/\",\"logo\":{\"@type\":\"ImageObject\",\"inLanguage\":\"fr-FR\",\"@id\":\"https:\\\/\\\/www.caravaning-esguard.com\\\/#\\\/schema\\\/logo\\\/image\\\/\",\"url\":\"https:\\\/\\\/www.caravaning-esguard.com\\\/wp-content\\\/uploads\\\/2023\\\/09\\\/Caravaning-Esguard-Santa-Cristina-dAro-Logo.png\",\"contentUrl\":\"https:\\\/\\\/www.caravaning-esguard.com\\\/wp-content\\\/uploads\\\/2023\\\/09\\\/Caravaning-Esguard-Santa-Cristina-dAro-Logo.png\",\"width\":228,\"height\":80,\"caption\":\"Caravaning Esguard\"},\"image\":{\"@id\":\"https:\\\/\\\/www.caravaning-esguard.com\\\/#\\\/schema\\\/logo\\\/image\\\/\"},\"sameAs\":[\"https:\\\/\\\/www.facebook.com\\\/caravaningesguard\\\/\",\"https:\\\/\\\/www.instagram.com\\\/caravaningesguard\\\/\"]},{\"@type\":\"Person\",\"@id\":\"https:\\\/\\\/www.caravaning-esguard.com\\\/#\\\/schema\\\/person\\\/05ac6bcbad9099b2a8da5d84967c45e7\",\"name\":\"Esguard Caravaning | Admin\",\"sameAs\":[\"https:\\\/\\\/www.estudi33.net\"],\"url\":\"https:\\\/\\\/www.caravaning-esguard.com\\\/fr\\\/author\\\/esguard-caravaning-scda\\\/\"}]}<\/script>\n<!-- \/ Yoast SEO plugin. -->","yoast_head_json":{"title":"Caravaning Esguard estrena nova p\u00e0gina web - Caravaning Esguard","robots":{"index":"index","follow":"follow","max-snippet":"max-snippet:-1","max-image-preview":"max-image-preview:large","max-video-preview":"max-video-preview:-1"},"canonical":"https:\/\/www.caravaning-esguard.com\/fr\/caravaning-esguard-estrena-nova-pagina-web\/","og_locale":"fr_FR","og_type":"article","og_title":"Caravaning Esguard estrena nova p\u00e0gina web - Caravaning Esguard","og_description":"M\u00e9s moderna, funcional\u2026 tot el que t'interessa a un clic! Si t'apassiona el m\u00f3n camper\u2026 aquest \u00e9s el teu lloc. Descobreix qui som, els nostres serveis, coneix la nostra botiga i visita nostra shop on line.","og_url":"https:\/\/www.caravaning-esguard.com\/fr\/caravaning-esguard-estrena-nova-pagina-web\/","og_site_name":"Caravaning Esguard","article_publisher":"https:\/\/www.facebook.com\/caravaningesguard\/","article_published_time":"2023-04-26T08:26:20+00:00","article_modified_time":"2026-01-19T10:36:02+00:00","og_image":[{"width":960,"height":640,"url":"https:\/\/www.caravaning-esguard.com\/wp-content\/uploads\/2023\/05\/Caravaning-Esguard-Blog-Estrenem-pagina-web.jpg","type":"image\/jpeg"}],"author":"Esguard Caravaning | Admin","twitter_card":"summary_large_image","twitter_misc":{"\u00c9crit par":"Esguard Caravaning | Admin","Dur\u00e9e de lecture estim\u00e9e":"1 minute"},"schema":{"@context":"https:\/\/schema.org","@graph":[{"@type":"Article","@id":"https:\/\/www.caravaning-esguard.com\/caravaning-esguard-estrena-nova-pagina-web\/#article","isPartOf":{"@id":"https:\/\/www.caravaning-esguard.com\/caravaning-esguard-estrena-nova-pagina-web\/"},"author":{"name":"Esguard Caravaning | Admin","@id":"https:\/\/www.caravaning-esguard.com\/#\/schema\/person\/05ac6bcbad9099b2a8da5d84967c45e7"},"headline":"Caravaning Esguard estrena nova p\u00e0gina web","datePublished":"2023-04-26T08:26:20+00:00","dateModified":"2026-01-19T10:36:02+00:00","mainEntityOfPage":{"@id":"https:\/\/www.caravaning-esguard.com\/caravaning-esguard-estrena-nova-pagina-web\/"},"wordCount":113,"publisher":{"@id":"https:\/\/www.caravaning-esguard.com\/#organization"},"image":{"@id":"https:\/\/www.caravaning-esguard.com\/caravaning-esguard-estrena-nova-pagina-web\/#primaryimage"},"thumbnailUrl":"https:\/\/www.caravaning-esguard.com\/wp-content\/uploads\/2023\/05\/Caravaning-Esguard-Blog-Estrenem-pagina-web.jpg","articleSection":["Blog"],"inLanguage":"fr-FR"},{"@type":"WebPage","@id":"https:\/\/www.caravaning-esguard.com\/caravaning-esguard-estrena-nova-pagina-web\/","url":"https:\/\/www.caravaning-esguard.com\/caravaning-esguard-estrena-nova-pagina-web\/","name":"Caravaning Esguard estrena nova p\u00e0gina web - Caravaning Esguard","isPartOf":{"@id":"https:\/\/www.caravaning-esguard.com\/#website"},"primaryImageOfPage":{"@id":"https:\/\/www.caravaning-esguard.com\/caravaning-esguard-estrena-nova-pagina-web\/#primaryimage"},"image":{"@id":"https:\/\/www.caravaning-esguard.com\/caravaning-esguard-estrena-nova-pagina-web\/#primaryimage"},"thumbnailUrl":"https:\/\/www.caravaning-esguard.com\/wp-content\/uploads\/2023\/05\/Caravaning-Esguard-Blog-Estrenem-pagina-web.jpg","datePublished":"2023-04-26T08:26:20+00:00","dateModified":"2026-01-19T10:36:02+00:00","breadcrumb":{"@id":"https:\/\/www.caravaning-esguard.com\/caravaning-esguard-estrena-nova-pagina-web\/#breadcrumb"},"inLanguage":"fr-FR","potentialAction":[{"@type":"ReadAction","target":["https:\/\/www.caravaning-esguard.com\/caravaning-esguard-estrena-nova-pagina-web\/"]}]},{"@type":"ImageObject","inLanguage":"fr-FR","@id":"https:\/\/www.caravaning-esguard.com\/caravaning-esguard-estrena-nova-pagina-web\/#primaryimage","url":"https:\/\/www.caravaning-esguard.com\/wp-content\/uploads\/2023\/05\/Caravaning-Esguard-Blog-Estrenem-pagina-web.jpg","contentUrl":"https:\/\/www.caravaning-esguard.com\/wp-content\/uploads\/2023\/05\/Caravaning-Esguard-Blog-Estrenem-pagina-web.jpg","width":960,"height":640,"caption":"Caravaning Esguard - Blog - Estrenem p\u00e0gina web"},{"@type":"BreadcrumbList","@id":"https:\/\/www.caravaning-esguard.com\/caravaning-esguard-estrena-nova-pagina-web\/#breadcrumb","itemListElement":[{"@type":"ListItem","position":1,"name":"Home","item":"https:\/\/www.caravaning-esguard.com\/"},{"@type":"ListItem","position":2,"name":"Caravaning Esguard estrena nova p\u00e0gina web"}]},{"@type":"WebSite","@id":"https:\/\/www.caravaning-esguard.com\/#website","url":"https:\/\/www.caravaning-esguard.com\/","name":"Caravaning Esguard","description":"Santa Cristina d&#039;Aro","publisher":{"@id":"https:\/\/www.caravaning-esguard.com\/#organization"},"potentialAction":[{"@type":"SearchAction","target":{"@type":"EntryPoint","urlTemplate":"https:\/\/www.caravaning-esguard.com\/?s={search_term_string}"},"query-input":{"@type":"PropertyValueSpecification","valueRequired":true,"valueName":"search_term_string"}}],"inLanguage":"fr-FR"},{"@type":"Organization","@id":"https:\/\/www.caravaning-esguard.com\/#organization","name":"Caravaning Esguard","url":"https:\/\/www.caravaning-esguard.com\/","logo":{"@type":"ImageObject","inLanguage":"fr-FR","@id":"https:\/\/www.caravaning-esguard.com\/#\/schema\/logo\/image\/","url":"https:\/\/www.caravaning-esguard.com\/wp-content\/uploads\/2023\/09\/Caravaning-Esguard-Santa-Cristina-dAro-Logo.png","contentUrl":"https:\/\/www.caravaning-esguard.com\/wp-content\/uploads\/2023\/09\/Caravaning-Esguard-Santa-Cristina-dAro-Logo.png","width":228,"height":80,"caption":"Caravaning Esguard"},"image":{"@id":"https:\/\/www.caravaning-esguard.com\/#\/schema\/logo\/image\/"},"sameAs":["https:\/\/www.facebook.com\/caravaningesguard\/","https:\/\/www.instagram.com\/caravaningesguard\/"]},{"@type":"Person","@id":"https:\/\/www.caravaning-esguard.com\/#\/schema\/person\/05ac6bcbad9099b2a8da5d84967c45e7","name":"Esguard Caravaning | Admin","sameAs":["https:\/\/www.estudi33.net"],"url":"https:\/\/www.caravaning-esguard.com\/fr\/author\/esguard-caravaning-scda\/"}]}},"_links":{"self":[{"href":"https:\/\/www.caravaning-esguard.com\/fr\/wp-json\/wp\/v2\/posts\/4258","targetHints":{"allow":["GET"]}}],"collection":[{"href":"https:\/\/www.caravaning-esguard.com\/fr\/wp-json\/wp\/v2\/posts"}],"about":[{"href":"https:\/\/www.caravaning-esguard.com\/fr\/wp-json\/wp\/v2\/types\/post"}],"author":[{"embeddable":true,"href":"https:\/\/www.caravaning-esguard.com\/fr\/wp-json\/wp\/v2\/users\/1"}],"replies":[{"embeddable":true,"href":"https:\/\/www.caravaning-esguard.com\/fr\/wp-json\/wp\/v2\/comments?post=4258"}],"version-history":[{"count":0,"href":"https:\/\/www.caravaning-esguard.com\/fr\/wp-json\/wp\/v2\/posts\/4258\/revisions"}],"wp:featuredmedia":[{"embeddable":true,"href":"https:\/\/www.caravaning-esguard.com\/fr\/wp-json\/wp\/v2\/media\/4328"}],"wp:attachment":[{"href":"https:\/\/www.caravaning-esguard.com\/fr\/wp-json\/wp\/v2\/media?parent=4258"}],"wp:term":[{"taxonomy":"category","embeddable":true,"href":"https:\/\/www.caravaning-esguard.com\/fr\/wp-json\/wp\/v2\/categories?post=4258"},{"taxonomy":"post_tag","embeddable":true,"href":"https:\/\/www.caravaning-esguard.com\/fr\/wp-json\/wp\/v2\/tags?post=4258"}],"curies":[{"name":"wp","href":"https:\/\/api.w.org\/{rel}","templated":true}]}}