{"id":5749,"date":"2024-01-16T15:39:52","date_gmt":"2024-01-16T14:39:52","guid":{"rendered":"https:\/\/www.caravaning-esguard.com\/?p=5749"},"modified":"2026-01-21T19:59:26","modified_gmt":"2026-01-21T18:59:26","slug":"planifica-el-teu-proper-desti-amb-caravaning-esguard","status":"publish","type":"post","link":"https:\/\/www.caravaning-esguard.com\/fr\/planifica-el-teu-proper-desti-amb-caravaning-esguard\/","title":{"rendered":"Planifica el teu proper dest\u00ed amb Caravaning Esguard!"},"content":{"rendered":"<p style=\"text-align: justify;\">Arrenca 2024 i amb ell mil idees de viatges i escapades.<\/p>\n<p style=\"text-align: justify;\">T&#8217;acostem a 6 destinacions imprescindibles, tria la teva per a la teva propera escapada!<\/p>\n<h3><span style=\"font-size: 14pt;\">Bardenas\u00a0Reales, a Navarra<\/span><\/h3>\n<p style=\"text-align: justify;\">Es tracta d&#8217;un paisatge semi des\u00e8rtic que pots visitar amb el teu vehicle i que et deixar\u00e0 perplex amb els seus miradors.<\/p>\n<div id=\"attachment_5765\" style=\"width: 910px\" class=\"wp-caption aligncenter\"><img fetchpriority=\"high\" decoding=\"async\" aria-describedby=\"caption-attachment-5765\" class=\"wp-image-5765 size-full\" title=\"Caravaning Esguard - Blog - Planifica el teu proper dest\u00ed - Bardenas Reales, Navarra\" src=\"https:\/\/www.caravaning-esguard.com\/wp-content\/uploads\/2024\/01\/Caravaning-Esguard-Blog-Planifica-el-teu-proper-desti-Bardenas-Reales-Navarra.jpg\" alt=\"Caravaning Esguard - Blog - Planifica el teu proper dest\u00ed - Bardenas Reales, Navarra\" width=\"900\" height=\"500\" srcset=\"https:\/\/www.caravaning-esguard.com\/wp-content\/uploads\/2024\/01\/Caravaning-Esguard-Blog-Planifica-el-teu-proper-desti-Bardenas-Reales-Navarra.jpg 900w, https:\/\/www.caravaning-esguard.com\/wp-content\/uploads\/2024\/01\/Caravaning-Esguard-Blog-Planifica-el-teu-proper-desti-Bardenas-Reales-Navarra-300x167.jpg 300w, https:\/\/www.caravaning-esguard.com\/wp-content\/uploads\/2024\/01\/Caravaning-Esguard-Blog-Planifica-el-teu-proper-desti-Bardenas-Reales-Navarra-768x427.jpg 768w\" sizes=\"(max-width: 900px) 100vw, 900px\" \/><p id=\"caption-attachment-5765\" class=\"wp-caption-text\">Bardenas Reales, Navarra<\/p><\/div>\n<h3><span style=\"font-size: 14pt;\">La Garrotxa, a Catalunya<\/span><\/h3>\n<p style=\"text-align: justify;\">Ofereix un paisatge impressionant amb els seus m\u00e9s de 40 volcans. Ofereix moltes possibilitats per a ser visitat, incloent tamb\u00e9 una ruta en la qual pots conduir el teu vehicle. A m\u00e9s, si viatges en autocaravana, \u00e9s un dest\u00ed ideal per veure comen\u00e7ar el dia quan t&#8217;aixequis.<\/p>\n<div id=\"attachment_5767\" style=\"width: 910px\" class=\"wp-caption aligncenter\"><img decoding=\"async\" aria-describedby=\"caption-attachment-5767\" class=\"wp-image-5767 size-full\" title=\"Caravaning Esguard - Blog - Planifica el teu proper dest\u00ed - La Garrotxa, Catalunya\" src=\"https:\/\/www.caravaning-esguard.com\/wp-content\/uploads\/2024\/01\/Caravaning-Esguard-Blog-Planifica-el-teu-proper-desti-La-Garrotxa-Catalunya.jpg\" alt=\"Caravaning Esguard - Blog - Planifica el teu proper dest\u00ed - La Garrotxa, Catalunya\" width=\"900\" height=\"500\" srcset=\"https:\/\/www.caravaning-esguard.com\/wp-content\/uploads\/2024\/01\/Caravaning-Esguard-Blog-Planifica-el-teu-proper-desti-La-Garrotxa-Catalunya.jpg 900w, https:\/\/www.caravaning-esguard.com\/wp-content\/uploads\/2024\/01\/Caravaning-Esguard-Blog-Planifica-el-teu-proper-desti-La-Garrotxa-Catalunya-300x167.jpg 300w, https:\/\/www.caravaning-esguard.com\/wp-content\/uploads\/2024\/01\/Caravaning-Esguard-Blog-Planifica-el-teu-proper-desti-La-Garrotxa-Catalunya-768x427.jpg 768w\" sizes=\"(max-width: 900px) 100vw, 900px\" \/><p id=\"caption-attachment-5767\" class=\"wp-caption-text\">La Garrotxa, Catalunya<\/p><\/div>\n<h3><span style=\"font-size: 14pt;\">Parc Nacional de Ordesa i Monte Perdido, a Arag\u00f3<\/span><\/h3>\n<p style=\"text-align: justify;\">\u00c9s un dels parcs m\u00e9s bonics del nostre pa\u00eds. Ofereix unes impressionants vistes i, dormint en la teva caravana, t&#8217;estalviar\u00e0s l&#8217;haver de despla\u00e7ar-te fins al lloc tan aviat com els altres per a trobar un lloc on aparcar.<\/p>\n<div id=\"attachment_5763\" style=\"width: 910px\" class=\"wp-caption aligncenter\"><img decoding=\"async\" aria-describedby=\"caption-attachment-5763\" class=\"wp-image-5763 size-full\" title=\"Caravaning Esguard - Blog - Planifica el teu proper dest\u00ed - Ordesa i Monte Perdido, Arag\u00f3\" src=\"https:\/\/www.caravaning-esguard.com\/wp-content\/uploads\/2024\/01\/Caravaning-Esguard-Blog-Planifica-el-teu-proper-desti-Ordesa-i-Monte-Perdido-Arago.jpg\" alt=\"Caravaning Esguard - Blog - Planifica el teu proper dest\u00ed - Ordesa i Monte Perdido, Arag\u00f3\" width=\"900\" height=\"500\" srcset=\"https:\/\/www.caravaning-esguard.com\/wp-content\/uploads\/2024\/01\/Caravaning-Esguard-Blog-Planifica-el-teu-proper-desti-Ordesa-i-Monte-Perdido-Arago.jpg 900w, https:\/\/www.caravaning-esguard.com\/wp-content\/uploads\/2024\/01\/Caravaning-Esguard-Blog-Planifica-el-teu-proper-desti-Ordesa-i-Monte-Perdido-Arago-300x167.jpg 300w, https:\/\/www.caravaning-esguard.com\/wp-content\/uploads\/2024\/01\/Caravaning-Esguard-Blog-Planifica-el-teu-proper-desti-Ordesa-i-Monte-Perdido-Arago-768x427.jpg 768w\" sizes=\"(max-width: 900px) 100vw, 900px\" \/><p id=\"caption-attachment-5763\" class=\"wp-caption-text\">Parc Nacional d&#8217;Ordesa i Monte Perdido, Arag\u00f3<\/p><\/div>\n<h3><span style=\"font-size: 14pt;\">Vall del Silencio, a Lle\u00f3<br \/>\n<\/span><\/h3>\n<p style=\"text-align: justify;\">Situat a Lle\u00f3, la Vall del Silencio \u00e9s una de les millors opcions si el que vols \u00e9s desconnectar. A m\u00e9s de la multitud de rutes que pots realitzar, podr\u00e0s visitar\u00a0Pe\u00f1alba\u00a0de Santiago, un petit poble als peus de la muntanya que destaca per la seva arquitectura popular conservada.<\/p>\n<div id=\"attachment_5769\" style=\"width: 910px\" class=\"wp-caption aligncenter\"><img loading=\"lazy\" decoding=\"async\" aria-describedby=\"caption-attachment-5769\" class=\"wp-image-5769 size-full\" title=\"Caravaning Esguard - Blog - Planifica el teu proper dest\u00ed - Vall del Silencio, Lle\u00f3\" src=\"https:\/\/www.caravaning-esguard.com\/wp-content\/uploads\/2024\/01\/Caravaning-Esguard-Blog-Planifica-el-teu-proper-desti-Vall-del-Silencio-Lleo.jpg\" alt=\"Caravaning Esguard - Blog - Planifica el teu proper dest\u00ed - Vall del Silencio, Lle\u00f3\" width=\"900\" height=\"500\" srcset=\"https:\/\/www.caravaning-esguard.com\/wp-content\/uploads\/2024\/01\/Caravaning-Esguard-Blog-Planifica-el-teu-proper-desti-Vall-del-Silencio-Lleo.jpg 900w, https:\/\/www.caravaning-esguard.com\/wp-content\/uploads\/2024\/01\/Caravaning-Esguard-Blog-Planifica-el-teu-proper-desti-Vall-del-Silencio-Lleo-300x167.jpg 300w, https:\/\/www.caravaning-esguard.com\/wp-content\/uploads\/2024\/01\/Caravaning-Esguard-Blog-Planifica-el-teu-proper-desti-Vall-del-Silencio-Lleo-768x427.jpg 768w\" sizes=\"(max-width: 900px) 100vw, 900px\" \/><p id=\"caption-attachment-5769\" class=\"wp-caption-text\">Vall del Silencio, Lle\u00f3<\/p><\/div>\n<h3><span style=\"font-size: 14pt;\">Selva de Irati, a Navarra<br \/>\n<\/span><\/h3>\n<p style=\"text-align: justify;\">Si a Navarra les Bardenas Reales t&#8217;han sabut a poc, pots despla\u00e7ar-te fins a la Selva de Irati, un dens bosc de fajos i avets considerat entre els millors d&#8217;Europa.<\/p>\n<div id=\"attachment_5770\" style=\"width: 910px\" class=\"wp-caption aligncenter\"><img loading=\"lazy\" decoding=\"async\" aria-describedby=\"caption-attachment-5770\" class=\"wp-image-5770 size-full\" title=\"Caravaning Esguard - Blog - Planifica el teu proper dest\u00ed - Selva de Irati, Navarra\" src=\"https:\/\/www.caravaning-esguard.com\/wp-content\/uploads\/2024\/01\/Caravaning-Esguard-Blog-Planifica-el-teu-proper-desti-Selva-de-Irati-Navarra.jpg\" alt=\"Caravaning Esguard - Blog - Planifica el teu proper dest\u00ed - Selva de Irati, Navarra\" width=\"900\" height=\"500\" srcset=\"https:\/\/www.caravaning-esguard.com\/wp-content\/uploads\/2024\/01\/Caravaning-Esguard-Blog-Planifica-el-teu-proper-desti-Selva-de-Irati-Navarra.jpg 900w, https:\/\/www.caravaning-esguard.com\/wp-content\/uploads\/2024\/01\/Caravaning-Esguard-Blog-Planifica-el-teu-proper-desti-Selva-de-Irati-Navarra-300x167.jpg 300w, https:\/\/www.caravaning-esguard.com\/wp-content\/uploads\/2024\/01\/Caravaning-Esguard-Blog-Planifica-el-teu-proper-desti-Selva-de-Irati-Navarra-768x427.jpg 768w\" sizes=\"(max-width: 900px) 100vw, 900px\" \/><p id=\"caption-attachment-5770\" class=\"wp-caption-text\">Selva de Irati, Navarra<\/p><\/div>\n<h3><span style=\"font-size: 14pt;\">Parc Nacional d&#8217;Aig\u00fcestortes i Estany de Sant Maurici, a Catalunya<br \/>\n<\/span><\/h3>\n<p style=\"text-align: justify;\">Per a acabar, i tamb\u00e9 a Catalunya, el Parc Nacional d&#8217;Aig\u00fcestortes i\u00a0Estany\u00a0de\u00a0Sant\u00a0Maurici\u00a0ofereix un impressionant relleu i una gran riquesa de fauna i vegetaci\u00f3 amb els seus gaireb\u00e9 200 llacs i rierols. Un parad\u00eds on perdre&#8217;s.<\/p>\n<div id=\"attachment_5772\" style=\"width: 910px\" class=\"wp-caption aligncenter\"><img loading=\"lazy\" decoding=\"async\" aria-describedby=\"caption-attachment-5772\" class=\"wp-image-5772 size-full\" title=\"Caravaning Esguard - Blog - Planifica el teu proper dest\u00ed - Parc Nacional d'Aig\u00fcestortes i Estany de Sant Maurici, Catalunya\" src=\"https:\/\/www.caravaning-esguard.com\/wp-content\/uploads\/2024\/01\/Caravaning-Esguard-Blog-Planifica-el-teu-proper-desti-Parc-Nacional-dAiguestortes-i-Estany-de-Sant-Maurici-Catalunya.jpg\" alt=\"Caravaning Esguard - Blog - Planifica el teu proper dest\u00ed - Parc Nacional d'Aig\u00fcestortes i Estany de Sant Maurici, Catalunya\" width=\"900\" height=\"500\" srcset=\"https:\/\/www.caravaning-esguard.com\/wp-content\/uploads\/2024\/01\/Caravaning-Esguard-Blog-Planifica-el-teu-proper-desti-Parc-Nacional-dAiguestortes-i-Estany-de-Sant-Maurici-Catalunya.jpg 900w, https:\/\/www.caravaning-esguard.com\/wp-content\/uploads\/2024\/01\/Caravaning-Esguard-Blog-Planifica-el-teu-proper-desti-Parc-Nacional-dAiguestortes-i-Estany-de-Sant-Maurici-Catalunya-300x167.jpg 300w, https:\/\/www.caravaning-esguard.com\/wp-content\/uploads\/2024\/01\/Caravaning-Esguard-Blog-Planifica-el-teu-proper-desti-Parc-Nacional-dAiguestortes-i-Estany-de-Sant-Maurici-Catalunya-768x427.jpg 768w\" sizes=\"(max-width: 900px) 100vw, 900px\" \/><p id=\"caption-attachment-5772\" class=\"wp-caption-text\">Parc Nacional d&#8217;Aig\u00fcestortes i Estany de Sant Maurici, Catalunya<\/p><\/div>\n<h3>Dif\u00edcil triar, veritat?<\/h3>\n<h2>Caravanners, anem per un gran 2024!<\/h2>","protected":false},"excerpt":{"rendered":"<p>Arrenca 2024 i amb ell mil idees de viatges i escapades. T&#8217;acostem a 6 destinacions imprescindibles, tria la teva per a la teva propera escapada! Caravanners, anem per un gran 2024!<\/p>","protected":false},"author":1,"featured_media":5754,"comment_status":"closed","ping_status":"closed","sticky":false,"template":"","format":"standard","meta":{"footnotes":""},"categories":[1],"tags":[],"class_list":["post-5749","post","type-post","status-publish","format-standard","has-post-thumbnail","hentry","category-blog"],"yoast_head":"<!-- This site is optimized with the Yoast SEO plugin v27.5 - https:\/\/yoast.com\/product\/yoast-seo-wordpress\/ -->\n<title>Planifica el teu proper dest\u00ed amb Caravaning Esguard! - Caravaning Esguard<\/title>\n<meta name=\"robots\" content=\"index, follow, max-snippet:-1, max-image-preview:large, max-video-preview:-1\" \/>\n<link rel=\"canonical\" href=\"https:\/\/www.caravaning-esguard.com\/fr\/planifica-el-teu-proper-desti-amb-caravaning-esguard\/\" \/>\n<meta property=\"og:locale\" content=\"fr_FR\" \/>\n<meta property=\"og:type\" content=\"article\" \/>\n<meta property=\"og:title\" content=\"Planifica el teu proper dest\u00ed amb Caravaning Esguard! - Caravaning Esguard\" \/>\n<meta property=\"og:description\" content=\"Arrenca 2024 i amb ell mil idees de viatges i escapades. T&#039;acostem a 6 destinacions imprescindibles, tria la teva per a la teva propera escapada! Caravanners, anem per un gran 2024!\" \/>\n<meta property=\"og:url\" content=\"https:\/\/www.caravaning-esguard.com\/fr\/planifica-el-teu-proper-desti-amb-caravaning-esguard\/\" \/>\n<meta property=\"og:site_name\" content=\"Caravaning Esguard\" \/>\n<meta property=\"article:publisher\" content=\"https:\/\/www.facebook.com\/caravaningesguard\/\" \/>\n<meta property=\"article:published_time\" content=\"2024-01-16T14:39:52+00:00\" \/>\n<meta property=\"article:modified_time\" content=\"2026-01-21T18:59:26+00:00\" \/>\n<meta property=\"og:image\" content=\"https:\/\/www.caravaning-esguard.com\/wp-content\/uploads\/2024\/01\/Caravaning-Esguard-Blog-Planifica-el-teu-proper-desti.jpg\" \/>\n\t<meta property=\"og:image:width\" content=\"960\" \/>\n\t<meta property=\"og:image:height\" content=\"640\" \/>\n\t<meta property=\"og:image:type\" content=\"image\/jpeg\" \/>\n<meta name=\"author\" content=\"Esguard Caravaning | Admin\" \/>\n<meta name=\"twitter:card\" content=\"summary_large_image\" \/>\n<meta name=\"twitter:label1\" content=\"\u00c9crit par\" \/>\n\t<meta name=\"twitter:data1\" content=\"Esguard Caravaning | Admin\" \/>\n\t<meta name=\"twitter:label2\" content=\"Dur\u00e9e de lecture estim\u00e9e\" \/>\n\t<meta name=\"twitter:data2\" content=\"2 minutes\" \/>\n<script type=\"application\/ld+json\" class=\"yoast-schema-graph\">{\"@context\":\"https:\\\/\\\/schema.org\",\"@graph\":[{\"@type\":\"Article\",\"@id\":\"https:\\\/\\\/www.caravaning-esguard.com\\\/planifica-el-teu-proper-desti-amb-caravaning-esguard\\\/#article\",\"isPartOf\":{\"@id\":\"https:\\\/\\\/www.caravaning-esguard.com\\\/planifica-el-teu-proper-desti-amb-caravaning-esguard\\\/\"},\"author\":{\"name\":\"Esguard Caravaning | Admin\",\"@id\":\"https:\\\/\\\/www.caravaning-esguard.com\\\/#\\\/schema\\\/person\\\/05ac6bcbad9099b2a8da5d84967c45e7\"},\"headline\":\"Planifica el teu proper dest\u00ed amb Caravaning Esguard!\",\"datePublished\":\"2024-01-16T14:39:52+00:00\",\"dateModified\":\"2026-01-21T18:59:26+00:00\",\"mainEntityOfPage\":{\"@id\":\"https:\\\/\\\/www.caravaning-esguard.com\\\/planifica-el-teu-proper-desti-amb-caravaning-esguard\\\/\"},\"wordCount\":402,\"publisher\":{\"@id\":\"https:\\\/\\\/www.caravaning-esguard.com\\\/#organization\"},\"image\":{\"@id\":\"https:\\\/\\\/www.caravaning-esguard.com\\\/planifica-el-teu-proper-desti-amb-caravaning-esguard\\\/#primaryimage\"},\"thumbnailUrl\":\"https:\\\/\\\/www.caravaning-esguard.com\\\/wp-content\\\/uploads\\\/2024\\\/01\\\/Caravaning-Esguard-Blog-Planifica-el-teu-proper-desti.jpg\",\"articleSection\":[\"Blog\"],\"inLanguage\":\"fr-FR\"},{\"@type\":\"WebPage\",\"@id\":\"https:\\\/\\\/www.caravaning-esguard.com\\\/planifica-el-teu-proper-desti-amb-caravaning-esguard\\\/\",\"url\":\"https:\\\/\\\/www.caravaning-esguard.com\\\/planifica-el-teu-proper-desti-amb-caravaning-esguard\\\/\",\"name\":\"Planifica el teu proper dest\u00ed amb Caravaning Esguard! - Caravaning Esguard\",\"isPartOf\":{\"@id\":\"https:\\\/\\\/www.caravaning-esguard.com\\\/#website\"},\"primaryImageOfPage\":{\"@id\":\"https:\\\/\\\/www.caravaning-esguard.com\\\/planifica-el-teu-proper-desti-amb-caravaning-esguard\\\/#primaryimage\"},\"image\":{\"@id\":\"https:\\\/\\\/www.caravaning-esguard.com\\\/planifica-el-teu-proper-desti-amb-caravaning-esguard\\\/#primaryimage\"},\"thumbnailUrl\":\"https:\\\/\\\/www.caravaning-esguard.com\\\/wp-content\\\/uploads\\\/2024\\\/01\\\/Caravaning-Esguard-Blog-Planifica-el-teu-proper-desti.jpg\",\"datePublished\":\"2024-01-16T14:39:52+00:00\",\"dateModified\":\"2026-01-21T18:59:26+00:00\",\"breadcrumb\":{\"@id\":\"https:\\\/\\\/www.caravaning-esguard.com\\\/planifica-el-teu-proper-desti-amb-caravaning-esguard\\\/#breadcrumb\"},\"inLanguage\":\"fr-FR\",\"potentialAction\":[{\"@type\":\"ReadAction\",\"target\":[\"https:\\\/\\\/www.caravaning-esguard.com\\\/planifica-el-teu-proper-desti-amb-caravaning-esguard\\\/\"]}]},{\"@type\":\"ImageObject\",\"inLanguage\":\"fr-FR\",\"@id\":\"https:\\\/\\\/www.caravaning-esguard.com\\\/planifica-el-teu-proper-desti-amb-caravaning-esguard\\\/#primaryimage\",\"url\":\"https:\\\/\\\/www.caravaning-esguard.com\\\/wp-content\\\/uploads\\\/2024\\\/01\\\/Caravaning-Esguard-Blog-Planifica-el-teu-proper-desti.jpg\",\"contentUrl\":\"https:\\\/\\\/www.caravaning-esguard.com\\\/wp-content\\\/uploads\\\/2024\\\/01\\\/Caravaning-Esguard-Blog-Planifica-el-teu-proper-desti.jpg\",\"width\":960,\"height\":640,\"caption\":\"Caravaning Esguard - Blog - Planifica el teu proper dest\u00ed\"},{\"@type\":\"BreadcrumbList\",\"@id\":\"https:\\\/\\\/www.caravaning-esguard.com\\\/planifica-el-teu-proper-desti-amb-caravaning-esguard\\\/#breadcrumb\",\"itemListElement\":[{\"@type\":\"ListItem\",\"position\":1,\"name\":\"Home\",\"item\":\"https:\\\/\\\/www.caravaning-esguard.com\\\/\"},{\"@type\":\"ListItem\",\"position\":2,\"name\":\"Planifica el teu proper dest\u00ed amb Caravaning Esguard!\"}]},{\"@type\":\"WebSite\",\"@id\":\"https:\\\/\\\/www.caravaning-esguard.com\\\/#website\",\"url\":\"https:\\\/\\\/www.caravaning-esguard.com\\\/\",\"name\":\"Caravaning Esguard\",\"description\":\"Santa Cristina d&#039;Aro\",\"publisher\":{\"@id\":\"https:\\\/\\\/www.caravaning-esguard.com\\\/#organization\"},\"potentialAction\":[{\"@type\":\"SearchAction\",\"target\":{\"@type\":\"EntryPoint\",\"urlTemplate\":\"https:\\\/\\\/www.caravaning-esguard.com\\\/?s={search_term_string}\"},\"query-input\":{\"@type\":\"PropertyValueSpecification\",\"valueRequired\":true,\"valueName\":\"search_term_string\"}}],\"inLanguage\":\"fr-FR\"},{\"@type\":\"Organization\",\"@id\":\"https:\\\/\\\/www.caravaning-esguard.com\\\/#organization\",\"name\":\"Caravaning Esguard\",\"url\":\"https:\\\/\\\/www.caravaning-esguard.com\\\/\",\"logo\":{\"@type\":\"ImageObject\",\"inLanguage\":\"fr-FR\",\"@id\":\"https:\\\/\\\/www.caravaning-esguard.com\\\/#\\\/schema\\\/logo\\\/image\\\/\",\"url\":\"https:\\\/\\\/www.caravaning-esguard.com\\\/wp-content\\\/uploads\\\/2023\\\/09\\\/Caravaning-Esguard-Santa-Cristina-dAro-Logo.png\",\"contentUrl\":\"https:\\\/\\\/www.caravaning-esguard.com\\\/wp-content\\\/uploads\\\/2023\\\/09\\\/Caravaning-Esguard-Santa-Cristina-dAro-Logo.png\",\"width\":228,\"height\":80,\"caption\":\"Caravaning Esguard\"},\"image\":{\"@id\":\"https:\\\/\\\/www.caravaning-esguard.com\\\/#\\\/schema\\\/logo\\\/image\\\/\"},\"sameAs\":[\"https:\\\/\\\/www.facebook.com\\\/caravaningesguard\\\/\",\"https:\\\/\\\/www.instagram.com\\\/caravaningesguard\\\/\"]},{\"@type\":\"Person\",\"@id\":\"https:\\\/\\\/www.caravaning-esguard.com\\\/#\\\/schema\\\/person\\\/05ac6bcbad9099b2a8da5d84967c45e7\",\"name\":\"Esguard Caravaning | Admin\",\"sameAs\":[\"https:\\\/\\\/www.estudi33.net\"],\"url\":\"https:\\\/\\\/www.caravaning-esguard.com\\\/fr\\\/author\\\/esguard-caravaning-scda\\\/\"}]}<\/script>\n<!-- \/ Yoast SEO plugin. -->","yoast_head_json":{"title":"Planifica el teu proper dest\u00ed amb Caravaning Esguard! - Caravaning Esguard","robots":{"index":"index","follow":"follow","max-snippet":"max-snippet:-1","max-image-preview":"max-image-preview:large","max-video-preview":"max-video-preview:-1"},"canonical":"https:\/\/www.caravaning-esguard.com\/fr\/planifica-el-teu-proper-desti-amb-caravaning-esguard\/","og_locale":"fr_FR","og_type":"article","og_title":"Planifica el teu proper dest\u00ed amb Caravaning Esguard! - Caravaning Esguard","og_description":"Arrenca 2024 i amb ell mil idees de viatges i escapades. T'acostem a 6 destinacions imprescindibles, tria la teva per a la teva propera escapada! Caravanners, anem per un gran 2024!","og_url":"https:\/\/www.caravaning-esguard.com\/fr\/planifica-el-teu-proper-desti-amb-caravaning-esguard\/","og_site_name":"Caravaning Esguard","article_publisher":"https:\/\/www.facebook.com\/caravaningesguard\/","article_published_time":"2024-01-16T14:39:52+00:00","article_modified_time":"2026-01-21T18:59:26+00:00","og_image":[{"width":960,"height":640,"url":"https:\/\/www.caravaning-esguard.com\/wp-content\/uploads\/2024\/01\/Caravaning-Esguard-Blog-Planifica-el-teu-proper-desti.jpg","type":"image\/jpeg"}],"author":"Esguard Caravaning | Admin","twitter_card":"summary_large_image","twitter_misc":{"\u00c9crit par":"Esguard Caravaning | Admin","Dur\u00e9e de lecture estim\u00e9e":"2 minutes"},"schema":{"@context":"https:\/\/schema.org","@graph":[{"@type":"Article","@id":"https:\/\/www.caravaning-esguard.com\/planifica-el-teu-proper-desti-amb-caravaning-esguard\/#article","isPartOf":{"@id":"https:\/\/www.caravaning-esguard.com\/planifica-el-teu-proper-desti-amb-caravaning-esguard\/"},"author":{"name":"Esguard Caravaning | Admin","@id":"https:\/\/www.caravaning-esguard.com\/#\/schema\/person\/05ac6bcbad9099b2a8da5d84967c45e7"},"headline":"Planifica el teu proper dest\u00ed amb Caravaning Esguard!","datePublished":"2024-01-16T14:39:52+00:00","dateModified":"2026-01-21T18:59:26+00:00","mainEntityOfPage":{"@id":"https:\/\/www.caravaning-esguard.com\/planifica-el-teu-proper-desti-amb-caravaning-esguard\/"},"wordCount":402,"publisher":{"@id":"https:\/\/www.caravaning-esguard.com\/#organization"},"image":{"@id":"https:\/\/www.caravaning-esguard.com\/planifica-el-teu-proper-desti-amb-caravaning-esguard\/#primaryimage"},"thumbnailUrl":"https:\/\/www.caravaning-esguard.com\/wp-content\/uploads\/2024\/01\/Caravaning-Esguard-Blog-Planifica-el-teu-proper-desti.jpg","articleSection":["Blog"],"inLanguage":"fr-FR"},{"@type":"WebPage","@id":"https:\/\/www.caravaning-esguard.com\/planifica-el-teu-proper-desti-amb-caravaning-esguard\/","url":"https:\/\/www.caravaning-esguard.com\/planifica-el-teu-proper-desti-amb-caravaning-esguard\/","name":"Planifica el teu proper dest\u00ed amb Caravaning Esguard! - Caravaning Esguard","isPartOf":{"@id":"https:\/\/www.caravaning-esguard.com\/#website"},"primaryImageOfPage":{"@id":"https:\/\/www.caravaning-esguard.com\/planifica-el-teu-proper-desti-amb-caravaning-esguard\/#primaryimage"},"image":{"@id":"https:\/\/www.caravaning-esguard.com\/planifica-el-teu-proper-desti-amb-caravaning-esguard\/#primaryimage"},"thumbnailUrl":"https:\/\/www.caravaning-esguard.com\/wp-content\/uploads\/2024\/01\/Caravaning-Esguard-Blog-Planifica-el-teu-proper-desti.jpg","datePublished":"2024-01-16T14:39:52+00:00","dateModified":"2026-01-21T18:59:26+00:00","breadcrumb":{"@id":"https:\/\/www.caravaning-esguard.com\/planifica-el-teu-proper-desti-amb-caravaning-esguard\/#breadcrumb"},"inLanguage":"fr-FR","potentialAction":[{"@type":"ReadAction","target":["https:\/\/www.caravaning-esguard.com\/planifica-el-teu-proper-desti-amb-caravaning-esguard\/"]}]},{"@type":"ImageObject","inLanguage":"fr-FR","@id":"https:\/\/www.caravaning-esguard.com\/planifica-el-teu-proper-desti-amb-caravaning-esguard\/#primaryimage","url":"https:\/\/www.caravaning-esguard.com\/wp-content\/uploads\/2024\/01\/Caravaning-Esguard-Blog-Planifica-el-teu-proper-desti.jpg","contentUrl":"https:\/\/www.caravaning-esguard.com\/wp-content\/uploads\/2024\/01\/Caravaning-Esguard-Blog-Planifica-el-teu-proper-desti.jpg","width":960,"height":640,"caption":"Caravaning Esguard - Blog - Planifica el teu proper dest\u00ed"},{"@type":"BreadcrumbList","@id":"https:\/\/www.caravaning-esguard.com\/planifica-el-teu-proper-desti-amb-caravaning-esguard\/#breadcrumb","itemListElement":[{"@type":"ListItem","position":1,"name":"Home","item":"https:\/\/www.caravaning-esguard.com\/"},{"@type":"ListItem","position":2,"name":"Planifica el teu proper dest\u00ed amb Caravaning Esguard!"}]},{"@type":"WebSite","@id":"https:\/\/www.caravaning-esguard.com\/#website","url":"https:\/\/www.caravaning-esguard.com\/","name":"Caravaning Esguard","description":"Santa Cristina d&#039;Aro","publisher":{"@id":"https:\/\/www.caravaning-esguard.com\/#organization"},"potentialAction":[{"@type":"SearchAction","target":{"@type":"EntryPoint","urlTemplate":"https:\/\/www.caravaning-esguard.com\/?s={search_term_string}"},"query-input":{"@type":"PropertyValueSpecification","valueRequired":true,"valueName":"search_term_string"}}],"inLanguage":"fr-FR"},{"@type":"Organization","@id":"https:\/\/www.caravaning-esguard.com\/#organization","name":"Caravaning Esguard","url":"https:\/\/www.caravaning-esguard.com\/","logo":{"@type":"ImageObject","inLanguage":"fr-FR","@id":"https:\/\/www.caravaning-esguard.com\/#\/schema\/logo\/image\/","url":"https:\/\/www.caravaning-esguard.com\/wp-content\/uploads\/2023\/09\/Caravaning-Esguard-Santa-Cristina-dAro-Logo.png","contentUrl":"https:\/\/www.caravaning-esguard.com\/wp-content\/uploads\/2023\/09\/Caravaning-Esguard-Santa-Cristina-dAro-Logo.png","width":228,"height":80,"caption":"Caravaning Esguard"},"image":{"@id":"https:\/\/www.caravaning-esguard.com\/#\/schema\/logo\/image\/"},"sameAs":["https:\/\/www.facebook.com\/caravaningesguard\/","https:\/\/www.instagram.com\/caravaningesguard\/"]},{"@type":"Person","@id":"https:\/\/www.caravaning-esguard.com\/#\/schema\/person\/05ac6bcbad9099b2a8da5d84967c45e7","name":"Esguard Caravaning | Admin","sameAs":["https:\/\/www.estudi33.net"],"url":"https:\/\/www.caravaning-esguard.com\/fr\/author\/esguard-caravaning-scda\/"}]}},"_links":{"self":[{"href":"https:\/\/www.caravaning-esguard.com\/fr\/wp-json\/wp\/v2\/posts\/5749","targetHints":{"allow":["GET"]}}],"collection":[{"href":"https:\/\/www.caravaning-esguard.com\/fr\/wp-json\/wp\/v2\/posts"}],"about":[{"href":"https:\/\/www.caravaning-esguard.com\/fr\/wp-json\/wp\/v2\/types\/post"}],"author":[{"embeddable":true,"href":"https:\/\/www.caravaning-esguard.com\/fr\/wp-json\/wp\/v2\/users\/1"}],"replies":[{"embeddable":true,"href":"https:\/\/www.caravaning-esguard.com\/fr\/wp-json\/wp\/v2\/comments?post=5749"}],"version-history":[{"count":0,"href":"https:\/\/www.caravaning-esguard.com\/fr\/wp-json\/wp\/v2\/posts\/5749\/revisions"}],"wp:featuredmedia":[{"embeddable":true,"href":"https:\/\/www.caravaning-esguard.com\/fr\/wp-json\/wp\/v2\/media\/5754"}],"wp:attachment":[{"href":"https:\/\/www.caravaning-esguard.com\/fr\/wp-json\/wp\/v2\/media?parent=5749"}],"wp:term":[{"taxonomy":"category","embeddable":true,"href":"https:\/\/www.caravaning-esguard.com\/fr\/wp-json\/wp\/v2\/categories?post=5749"},{"taxonomy":"post_tag","embeddable":true,"href":"https:\/\/www.caravaning-esguard.com\/fr\/wp-json\/wp\/v2\/tags?post=5749"}],"curies":[{"name":"wp","href":"https:\/\/api.w.org\/{rel}","templated":true}]}}