{"id":5968,"date":"2024-09-25T16:10:34","date_gmt":"2024-09-25T14:10:34","guid":{"rendered":"https:\/\/www.caravaning-esguard.com\/?p=5968"},"modified":"2026-01-21T18:00:57","modified_gmt":"2026-01-21T17:00:57","slug":"cinc-destinacions-nacionals-per-a-viatjar-amb-caravana-i-autocaravana-a-la-tardor","status":"publish","type":"post","link":"https:\/\/www.caravaning-esguard.com\/fr\/cinc-destinacions-nacionals-per-a-viatjar-amb-caravana-i-autocaravana-a-la-tardor\/","title":{"rendered":"Cinc destinacions nacionals per a viatjar amb caravana i autocaravana a la tardor"},"content":{"rendered":"<p style=\"text-align: justify;\">Fi de l&#8217;estiu. Arriba el fred, les pluges, cels grisos\u2026 arriba la tardor&#8230;<br \/>\nPer\u00f2 arriba una de les millors \u00e8poques de l&#8217;any per a viatjar sobre rodes: sense estr\u00e8s, sense gent, sense cues, sense calor\u2026<\/p>\n<h3>Avui et portem 5 destinacions nacionals per a viatjar amb caravana i autocaravana aquesta tardor<\/h3>\n<h4>Fageda d\u2019en Jord\u00e0, La Garrotxa (Girona)<\/h4>\n<p style=\"text-align: justify;\">Aquest lloc \u00e9s preci\u00f3s durant tot l&#8217;any, encara que a la tardor \u00e9s especialment recomanable. \u00c9s una reserva natural que compr\u00e8n un bosc de fajos \u00fanic a Espanya a causa de n\u00e9ixer sobre un terreny relativament pla i volc\u00e0nic. Compta amb rutes estupendes i paisatges de pel\u00b7l\u00edcula.<\/p>\n<p style=\"text-align: justify;\">C\u00e0mping proper a la Fageda d\u2019en Jord\u00e0: <a href=\"http:\/\/www.campinglafageda.com\/\" target=\"_blank\" rel=\"noopener\"><strong>C\u00e0mping La Fageda<\/strong><\/a><\/p>\n<div id=\"attachment_5971\" style=\"width: 910px\" class=\"wp-caption aligncenter\"><img fetchpriority=\"high\" decoding=\"async\" aria-describedby=\"caption-attachment-5971\" class=\"wp-image-5971 size-full\" src=\"https:\/\/www.caravaning-esguard.com\/wp-content\/uploads\/2024\/09\/Caravaning-Esguard-Blog-Cinc-destinacions-nacionals-per-a-viatjar-amb-caravana-i-autocaravana-a-la-tardor-Fageda-den-Jorda.jpg\" alt=\"\" width=\"900\" height=\"500\" srcset=\"https:\/\/www.caravaning-esguard.com\/wp-content\/uploads\/2024\/09\/Caravaning-Esguard-Blog-Cinc-destinacions-nacionals-per-a-viatjar-amb-caravana-i-autocaravana-a-la-tardor-Fageda-den-Jorda.jpg 900w, https:\/\/www.caravaning-esguard.com\/wp-content\/uploads\/2024\/09\/Caravaning-Esguard-Blog-Cinc-destinacions-nacionals-per-a-viatjar-amb-caravana-i-autocaravana-a-la-tardor-Fageda-den-Jorda-300x167.jpg 300w, https:\/\/www.caravaning-esguard.com\/wp-content\/uploads\/2024\/09\/Caravaning-Esguard-Blog-Cinc-destinacions-nacionals-per-a-viatjar-amb-caravana-i-autocaravana-a-la-tardor-Fageda-den-Jorda-768x427.jpg 768w\" sizes=\"(max-width: 900px) 100vw, 900px\" \/><p id=\"caption-attachment-5971\" class=\"wp-caption-text\">Fageda d&#8217;en Jord\u00e0. La Garrotxa (Girona)<\/p><\/div>\n<h4>Selva de Irati, Navarra<\/h4>\n<p style=\"text-align: justify;\">Gaudeix dels seus s\u00f2ls vermellosos i els seus arbres coberts de molsa verda. Una combinaci\u00f3 de colors estupenda i a pocs quil\u00f2metres. Es tracta de la segona fageda-avetal m\u00e9s extensa i millor conservada del m\u00f3n.<\/p>\n<p>C\u00e0mpings propers a la Selva de Irati: <strong><a href=\"https:\/\/www.campingurrobi.com\/\" target=\"_blank\" rel=\"noopener\">C\u00e0mping\u00a0Urrobi<\/a>\u00a0i <a href=\"https:\/\/campingmurkuzuria.com\/\" target=\"_blank\" rel=\"noopener\">C\u00e0mping\u00a0Murkuzuria<\/a><\/strong><\/p>\n<div id=\"attachment_5973\" style=\"width: 910px\" class=\"wp-caption aligncenter\"><img decoding=\"async\" aria-describedby=\"caption-attachment-5973\" class=\"wp-image-5973 size-full\" src=\"https:\/\/www.caravaning-esguard.com\/wp-content\/uploads\/2024\/09\/Caravaning-Esguard-Blog-Cinc-destinacions-nacionals-per-a-viatjar-amb-caravana-i-autocaravana-a-la-tardor-Selva-de-Irati.jpg\" alt=\"\" width=\"900\" height=\"500\" srcset=\"https:\/\/www.caravaning-esguard.com\/wp-content\/uploads\/2024\/09\/Caravaning-Esguard-Blog-Cinc-destinacions-nacionals-per-a-viatjar-amb-caravana-i-autocaravana-a-la-tardor-Selva-de-Irati.jpg 900w, https:\/\/www.caravaning-esguard.com\/wp-content\/uploads\/2024\/09\/Caravaning-Esguard-Blog-Cinc-destinacions-nacionals-per-a-viatjar-amb-caravana-i-autocaravana-a-la-tardor-Selva-de-Irati-300x167.jpg 300w, https:\/\/www.caravaning-esguard.com\/wp-content\/uploads\/2024\/09\/Caravaning-Esguard-Blog-Cinc-destinacions-nacionals-per-a-viatjar-amb-caravana-i-autocaravana-a-la-tardor-Selva-de-Irati-768x427.jpg 768w\" sizes=\"(max-width: 900px) 100vw, 900px\" \/><p id=\"caption-attachment-5973\" class=\"wp-caption-text\">Selva de Irati, Navarra<\/p><\/div>\n<h4>Bosc de Muniellos, Ast\u00faries<\/h4>\n<p style=\"text-align: justify;\">Aquest paratge asturi\u00e0 \u00e9s la major roureda d&#8217;Espanya. Casa de moltes llegendes de la mitologia astur, compta amb colors inimaginables i possiblement mai visionats pels seus visitants. Aix\u00ed mateix, si vols visitar-ho recorda demanar perm\u00eds perqu\u00e8 est\u00e0 protegit.<\/p>\n<p>C\u00e0mping proper al Bosc de\u00a0Muniellos: <a href=\"https:\/\/www.amaido.com\/\" target=\"_blank\" rel=\"noopener\"><strong>C\u00e0mping\u00a0Amaido<\/strong><\/a><\/p>\n<div id=\"attachment_5975\" style=\"width: 910px\" class=\"wp-caption aligncenter\"><img decoding=\"async\" aria-describedby=\"caption-attachment-5975\" class=\"wp-image-5975 size-full\" src=\"https:\/\/www.caravaning-esguard.com\/wp-content\/uploads\/2024\/09\/Caravaning-Esguard-Blog-Cinc-destinacions-nacionals-per-a-viatjar-amb-caravana-i-autocaravana-a-la-tardor-Bosque-de-Muniellos.jpg\" alt=\"\" width=\"900\" height=\"500\" srcset=\"https:\/\/www.caravaning-esguard.com\/wp-content\/uploads\/2024\/09\/Caravaning-Esguard-Blog-Cinc-destinacions-nacionals-per-a-viatjar-amb-caravana-i-autocaravana-a-la-tardor-Bosque-de-Muniellos.jpg 900w, https:\/\/www.caravaning-esguard.com\/wp-content\/uploads\/2024\/09\/Caravaning-Esguard-Blog-Cinc-destinacions-nacionals-per-a-viatjar-amb-caravana-i-autocaravana-a-la-tardor-Bosque-de-Muniellos-300x167.jpg 300w, https:\/\/www.caravaning-esguard.com\/wp-content\/uploads\/2024\/09\/Caravaning-Esguard-Blog-Cinc-destinacions-nacionals-per-a-viatjar-amb-caravana-i-autocaravana-a-la-tardor-Bosque-de-Muniellos-768x427.jpg 768w\" sizes=\"(max-width: 900px) 100vw, 900px\" \/><p id=\"caption-attachment-5975\" class=\"wp-caption-text\">Bosque de Muniellos, Asturias<\/p><\/div>\n<h4>Fageda de Tejera Negra, Guadalajara<\/h4>\n<p style=\"text-align: justify;\">Tranquil\u00b7litat absoluta i paratge perfecte per a una escapada rural. Forma part del mass\u00eds Ayll\u00f3n en la seva part m\u00e9s oriental. Lloc d&#8217;inter\u00e8s nacional des de 1974, la Tejera Negra \u00e9s un lloc perfecte on passar un cap de setmana.<\/p>\n<p>C\u00e0mping proper a la Fageda Tejera Negra: <a href=\"https:\/\/www.camping-riaza.com\/\" target=\"_blank\" rel=\"noopener\"><strong>C\u00e0mping Riaza<\/strong><\/a><\/p>\n<div id=\"attachment_5977\" style=\"width: 910px\" class=\"wp-caption aligncenter\"><img loading=\"lazy\" decoding=\"async\" aria-describedby=\"caption-attachment-5977\" class=\"wp-image-5977 size-full\" src=\"https:\/\/www.caravaning-esguard.com\/wp-content\/uploads\/2024\/09\/Caravaning-Esguard-Blog-Cinc-destinacions-nacionals-per-a-viatjar-amb-caravana-i-autocaravana-a-la-tardor-Hayedo-de-Tejera-Negra.jpg\" alt=\"\" width=\"900\" height=\"500\" srcset=\"https:\/\/www.caravaning-esguard.com\/wp-content\/uploads\/2024\/09\/Caravaning-Esguard-Blog-Cinc-destinacions-nacionals-per-a-viatjar-amb-caravana-i-autocaravana-a-la-tardor-Hayedo-de-Tejera-Negra.jpg 900w, https:\/\/www.caravaning-esguard.com\/wp-content\/uploads\/2024\/09\/Caravaning-Esguard-Blog-Cinc-destinacions-nacionals-per-a-viatjar-amb-caravana-i-autocaravana-a-la-tardor-Hayedo-de-Tejera-Negra-300x167.jpg 300w, https:\/\/www.caravaning-esguard.com\/wp-content\/uploads\/2024\/09\/Caravaning-Esguard-Blog-Cinc-destinacions-nacionals-per-a-viatjar-amb-caravana-i-autocaravana-a-la-tardor-Hayedo-de-Tejera-Negra-768x427.jpg 768w\" sizes=\"(max-width: 900px) 100vw, 900px\" \/><p id=\"caption-attachment-5977\" class=\"wp-caption-text\">Hayedo de Tejera Negra, Guadalajara<\/p><\/div>\n<h4>Llacunes de Gallocanta, Saragossa<\/h4>\n<p style=\"text-align: justify;\">Aquesta reserva natural aragonesa entre les comarques de Camp de Daroca i Jiloca \u00e9s la m\u00e9s gran llacuna salada d&#8217;Europa. Compta amb 220 esp\u00e8cies diferents. Lloc perfecte per a un amant de la naturalesa.<\/p>\n<p>C\u00e0mping proper a les Llacunes de\u00a0Gollacanta: <strong><a href=\"https:\/\/www.lagoresort.com\/\" target=\"_blank\" rel=\"noopener\">C\u00e0mping Lago Resort<\/a><\/strong><\/p>\n<div id=\"attachment_5981\" style=\"width: 910px\" class=\"wp-caption aligncenter\"><img loading=\"lazy\" decoding=\"async\" aria-describedby=\"caption-attachment-5981\" class=\"wp-image-5981 size-full\" src=\"https:\/\/www.caravaning-esguard.com\/wp-content\/uploads\/2024\/09\/Caravaning-Esguard-Blog-Cinc-destinacions-nacionals-per-a-viatjar-amb-caravana-i-autocaravana-a-la-tardor-Lagunas-de-Gallocanta.jpg\" alt=\"\" width=\"900\" height=\"500\" srcset=\"https:\/\/www.caravaning-esguard.com\/wp-content\/uploads\/2024\/09\/Caravaning-Esguard-Blog-Cinc-destinacions-nacionals-per-a-viatjar-amb-caravana-i-autocaravana-a-la-tardor-Lagunas-de-Gallocanta.jpg 900w, https:\/\/www.caravaning-esguard.com\/wp-content\/uploads\/2024\/09\/Caravaning-Esguard-Blog-Cinc-destinacions-nacionals-per-a-viatjar-amb-caravana-i-autocaravana-a-la-tardor-Lagunas-de-Gallocanta-300x167.jpg 300w, https:\/\/www.caravaning-esguard.com\/wp-content\/uploads\/2024\/09\/Caravaning-Esguard-Blog-Cinc-destinacions-nacionals-per-a-viatjar-amb-caravana-i-autocaravana-a-la-tardor-Lagunas-de-Gallocanta-768x427.jpg 768w\" sizes=\"(max-width: 900px) 100vw, 900px\" \/><p id=\"caption-attachment-5981\" class=\"wp-caption-text\">Lagunas de Gallocanta, Zaragoza<\/p><\/div>\n<p style=\"text-align: justify;\">Aprofita cada cap de setmana de tardor i viatja a aquests llocs d&#8217;Espanya que no et pots perdre. Gaudeix de la teva caravana o autocaravana.<\/p>\n<p style=\"text-align: justify;\" class=\"translation-block\">Recorda, tot el que necessitis, consells inclosos, ho trobar\u00e0s a&nbsp;<strong>Caravaning&nbsp;Esguard<\/strong>.<\/p>","protected":false},"excerpt":{"rendered":"<p>Fi de l&#8217;estiu. Arriba el fred, les pluges, cels grisos\u2026 arriba la tardor&#8230; Per\u00f2 arriba una de les millors \u00e8poques de l&#8217;any per a viatjar sobre rodes: sense estr\u00e8s, sense gent, sense cues, sense calor\u2026<br \/>\nAvui et portem 5 destinacions nacionals per a viatjar amb caravana i autocaravana aquesta tardor.<\/p>","protected":false},"author":1,"featured_media":5979,"comment_status":"closed","ping_status":"closed","sticky":false,"template":"","format":"standard","meta":{"footnotes":""},"categories":[1],"tags":[],"class_list":["post-5968","post","type-post","status-publish","format-standard","has-post-thumbnail","hentry","category-blog"],"yoast_head":"<!-- This site is optimized with the Yoast SEO plugin v27.5 - https:\/\/yoast.com\/product\/yoast-seo-wordpress\/ -->\n<title>Cinc destinacions nacionals per a viatjar amb caravana i autocaravana a la tardor - Caravaning Esguard<\/title>\n<meta name=\"robots\" content=\"index, follow, max-snippet:-1, max-image-preview:large, max-video-preview:-1\" \/>\n<link rel=\"canonical\" href=\"https:\/\/www.caravaning-esguard.com\/fr\/cinc-destinacions-nacionals-per-a-viatjar-amb-caravana-i-autocaravana-a-la-tardor\/\" \/>\n<meta property=\"og:locale\" content=\"fr_FR\" \/>\n<meta property=\"og:type\" content=\"article\" \/>\n<meta property=\"og:title\" content=\"Cinc destinacions nacionals per a viatjar amb caravana i autocaravana a la tardor - Caravaning Esguard\" \/>\n<meta property=\"og:description\" content=\"Fi de l&#039;estiu. Arriba el fred, les pluges, cels grisos\u2026 arriba la tardor... Per\u00f2 arriba una de les millors \u00e8poques de l&#039;any per a viatjar sobre rodes: sense estr\u00e8s, sense gent, sense cues, sense calor\u2026 Avui et portem 5 destinacions nacionals per a viatjar amb caravana i autocaravana aquesta tardor.\" \/>\n<meta property=\"og:url\" content=\"https:\/\/www.caravaning-esguard.com\/fr\/cinc-destinacions-nacionals-per-a-viatjar-amb-caravana-i-autocaravana-a-la-tardor\/\" \/>\n<meta property=\"og:site_name\" content=\"Caravaning Esguard\" \/>\n<meta property=\"article:publisher\" content=\"https:\/\/www.facebook.com\/caravaningesguard\/\" \/>\n<meta property=\"article:published_time\" content=\"2024-09-25T14:10:34+00:00\" \/>\n<meta property=\"article:modified_time\" content=\"2026-01-21T17:00:57+00:00\" \/>\n<meta property=\"og:image\" content=\"https:\/\/www.caravaning-esguard.com\/wp-content\/uploads\/2024\/09\/Caravaning-Esguard-Blog-Cinc-destinacions-nacionals-per-a-viatjar-amb-caravana-i-autocaravana-a-la-tardor.jpg\" \/>\n\t<meta property=\"og:image:width\" content=\"900\" \/>\n\t<meta property=\"og:image:height\" content=\"500\" \/>\n\t<meta property=\"og:image:type\" content=\"image\/jpeg\" \/>\n<meta name=\"author\" content=\"Esguard Caravaning | Admin\" \/>\n<meta name=\"twitter:card\" content=\"summary_large_image\" \/>\n<meta name=\"twitter:label1\" content=\"\u00c9crit par\" \/>\n\t<meta name=\"twitter:data1\" content=\"Esguard Caravaning | Admin\" \/>\n\t<meta name=\"twitter:label2\" content=\"Dur\u00e9e de lecture estim\u00e9e\" \/>\n\t<meta name=\"twitter:data2\" content=\"2 minutes\" \/>\n<script type=\"application\/ld+json\" class=\"yoast-schema-graph\">{\"@context\":\"https:\\\/\\\/schema.org\",\"@graph\":[{\"@type\":\"Article\",\"@id\":\"https:\\\/\\\/www.caravaning-esguard.com\\\/cinc-destinacions-nacionals-per-a-viatjar-amb-caravana-i-autocaravana-a-la-tardor\\\/#article\",\"isPartOf\":{\"@id\":\"https:\\\/\\\/www.caravaning-esguard.com\\\/cinc-destinacions-nacionals-per-a-viatjar-amb-caravana-i-autocaravana-a-la-tardor\\\/\"},\"author\":{\"name\":\"Esguard Caravaning | Admin\",\"@id\":\"https:\\\/\\\/www.caravaning-esguard.com\\\/#\\\/schema\\\/person\\\/05ac6bcbad9099b2a8da5d84967c45e7\"},\"headline\":\"Cinc destinacions nacionals per a viatjar amb caravana i autocaravana a la tardor\",\"datePublished\":\"2024-09-25T14:10:34+00:00\",\"dateModified\":\"2026-01-21T17:00:57+00:00\",\"mainEntityOfPage\":{\"@id\":\"https:\\\/\\\/www.caravaning-esguard.com\\\/cinc-destinacions-nacionals-per-a-viatjar-amb-caravana-i-autocaravana-a-la-tardor\\\/\"},\"wordCount\":463,\"publisher\":{\"@id\":\"https:\\\/\\\/www.caravaning-esguard.com\\\/#organization\"},\"image\":{\"@id\":\"https:\\\/\\\/www.caravaning-esguard.com\\\/cinc-destinacions-nacionals-per-a-viatjar-amb-caravana-i-autocaravana-a-la-tardor\\\/#primaryimage\"},\"thumbnailUrl\":\"https:\\\/\\\/www.caravaning-esguard.com\\\/wp-content\\\/uploads\\\/2024\\\/09\\\/Caravaning-Esguard-Blog-Cinc-destinacions-nacionals-per-a-viatjar-amb-caravana-i-autocaravana-a-la-tardor.jpg\",\"articleSection\":[\"Blog\"],\"inLanguage\":\"fr-FR\"},{\"@type\":\"WebPage\",\"@id\":\"https:\\\/\\\/www.caravaning-esguard.com\\\/cinc-destinacions-nacionals-per-a-viatjar-amb-caravana-i-autocaravana-a-la-tardor\\\/\",\"url\":\"https:\\\/\\\/www.caravaning-esguard.com\\\/cinc-destinacions-nacionals-per-a-viatjar-amb-caravana-i-autocaravana-a-la-tardor\\\/\",\"name\":\"Cinc destinacions nacionals per a viatjar amb caravana i autocaravana a la tardor - Caravaning Esguard\",\"isPartOf\":{\"@id\":\"https:\\\/\\\/www.caravaning-esguard.com\\\/#website\"},\"primaryImageOfPage\":{\"@id\":\"https:\\\/\\\/www.caravaning-esguard.com\\\/cinc-destinacions-nacionals-per-a-viatjar-amb-caravana-i-autocaravana-a-la-tardor\\\/#primaryimage\"},\"image\":{\"@id\":\"https:\\\/\\\/www.caravaning-esguard.com\\\/cinc-destinacions-nacionals-per-a-viatjar-amb-caravana-i-autocaravana-a-la-tardor\\\/#primaryimage\"},\"thumbnailUrl\":\"https:\\\/\\\/www.caravaning-esguard.com\\\/wp-content\\\/uploads\\\/2024\\\/09\\\/Caravaning-Esguard-Blog-Cinc-destinacions-nacionals-per-a-viatjar-amb-caravana-i-autocaravana-a-la-tardor.jpg\",\"datePublished\":\"2024-09-25T14:10:34+00:00\",\"dateModified\":\"2026-01-21T17:00:57+00:00\",\"breadcrumb\":{\"@id\":\"https:\\\/\\\/www.caravaning-esguard.com\\\/cinc-destinacions-nacionals-per-a-viatjar-amb-caravana-i-autocaravana-a-la-tardor\\\/#breadcrumb\"},\"inLanguage\":\"fr-FR\",\"potentialAction\":[{\"@type\":\"ReadAction\",\"target\":[\"https:\\\/\\\/www.caravaning-esguard.com\\\/cinc-destinacions-nacionals-per-a-viatjar-amb-caravana-i-autocaravana-a-la-tardor\\\/\"]}]},{\"@type\":\"ImageObject\",\"inLanguage\":\"fr-FR\",\"@id\":\"https:\\\/\\\/www.caravaning-esguard.com\\\/cinc-destinacions-nacionals-per-a-viatjar-amb-caravana-i-autocaravana-a-la-tardor\\\/#primaryimage\",\"url\":\"https:\\\/\\\/www.caravaning-esguard.com\\\/wp-content\\\/uploads\\\/2024\\\/09\\\/Caravaning-Esguard-Blog-Cinc-destinacions-nacionals-per-a-viatjar-amb-caravana-i-autocaravana-a-la-tardor.jpg\",\"contentUrl\":\"https:\\\/\\\/www.caravaning-esguard.com\\\/wp-content\\\/uploads\\\/2024\\\/09\\\/Caravaning-Esguard-Blog-Cinc-destinacions-nacionals-per-a-viatjar-amb-caravana-i-autocaravana-a-la-tardor.jpg\",\"width\":900,\"height\":500},{\"@type\":\"BreadcrumbList\",\"@id\":\"https:\\\/\\\/www.caravaning-esguard.com\\\/cinc-destinacions-nacionals-per-a-viatjar-amb-caravana-i-autocaravana-a-la-tardor\\\/#breadcrumb\",\"itemListElement\":[{\"@type\":\"ListItem\",\"position\":1,\"name\":\"Home\",\"item\":\"https:\\\/\\\/www.caravaning-esguard.com\\\/\"},{\"@type\":\"ListItem\",\"position\":2,\"name\":\"Cinc destinacions nacionals per a viatjar amb caravana i autocaravana a la tardor\"}]},{\"@type\":\"WebSite\",\"@id\":\"https:\\\/\\\/www.caravaning-esguard.com\\\/#website\",\"url\":\"https:\\\/\\\/www.caravaning-esguard.com\\\/\",\"name\":\"Caravaning Esguard\",\"description\":\"Santa Cristina d&#039;Aro\",\"publisher\":{\"@id\":\"https:\\\/\\\/www.caravaning-esguard.com\\\/#organization\"},\"potentialAction\":[{\"@type\":\"SearchAction\",\"target\":{\"@type\":\"EntryPoint\",\"urlTemplate\":\"https:\\\/\\\/www.caravaning-esguard.com\\\/?s={search_term_string}\"},\"query-input\":{\"@type\":\"PropertyValueSpecification\",\"valueRequired\":true,\"valueName\":\"search_term_string\"}}],\"inLanguage\":\"fr-FR\"},{\"@type\":\"Organization\",\"@id\":\"https:\\\/\\\/www.caravaning-esguard.com\\\/#organization\",\"name\":\"Caravaning Esguard\",\"url\":\"https:\\\/\\\/www.caravaning-esguard.com\\\/\",\"logo\":{\"@type\":\"ImageObject\",\"inLanguage\":\"fr-FR\",\"@id\":\"https:\\\/\\\/www.caravaning-esguard.com\\\/#\\\/schema\\\/logo\\\/image\\\/\",\"url\":\"https:\\\/\\\/www.caravaning-esguard.com\\\/wp-content\\\/uploads\\\/2023\\\/09\\\/Caravaning-Esguard-Santa-Cristina-dAro-Logo.png\",\"contentUrl\":\"https:\\\/\\\/www.caravaning-esguard.com\\\/wp-content\\\/uploads\\\/2023\\\/09\\\/Caravaning-Esguard-Santa-Cristina-dAro-Logo.png\",\"width\":228,\"height\":80,\"caption\":\"Caravaning Esguard\"},\"image\":{\"@id\":\"https:\\\/\\\/www.caravaning-esguard.com\\\/#\\\/schema\\\/logo\\\/image\\\/\"},\"sameAs\":[\"https:\\\/\\\/www.facebook.com\\\/caravaningesguard\\\/\",\"https:\\\/\\\/www.instagram.com\\\/caravaningesguard\\\/\"]},{\"@type\":\"Person\",\"@id\":\"https:\\\/\\\/www.caravaning-esguard.com\\\/#\\\/schema\\\/person\\\/05ac6bcbad9099b2a8da5d84967c45e7\",\"name\":\"Esguard Caravaning | Admin\",\"sameAs\":[\"https:\\\/\\\/www.estudi33.net\"],\"url\":\"https:\\\/\\\/www.caravaning-esguard.com\\\/fr\\\/author\\\/esguard-caravaning-scda\\\/\"}]}<\/script>\n<!-- \/ Yoast SEO plugin. -->","yoast_head_json":{"title":"Cinc destinacions nacionals per a viatjar amb caravana i autocaravana a la tardor - Caravaning Esguard","robots":{"index":"index","follow":"follow","max-snippet":"max-snippet:-1","max-image-preview":"max-image-preview:large","max-video-preview":"max-video-preview:-1"},"canonical":"https:\/\/www.caravaning-esguard.com\/fr\/cinc-destinacions-nacionals-per-a-viatjar-amb-caravana-i-autocaravana-a-la-tardor\/","og_locale":"fr_FR","og_type":"article","og_title":"Cinc destinacions nacionals per a viatjar amb caravana i autocaravana a la tardor - Caravaning Esguard","og_description":"Fi de l'estiu. Arriba el fred, les pluges, cels grisos\u2026 arriba la tardor... Per\u00f2 arriba una de les millors \u00e8poques de l'any per a viatjar sobre rodes: sense estr\u00e8s, sense gent, sense cues, sense calor\u2026 Avui et portem 5 destinacions nacionals per a viatjar amb caravana i autocaravana aquesta tardor.","og_url":"https:\/\/www.caravaning-esguard.com\/fr\/cinc-destinacions-nacionals-per-a-viatjar-amb-caravana-i-autocaravana-a-la-tardor\/","og_site_name":"Caravaning Esguard","article_publisher":"https:\/\/www.facebook.com\/caravaningesguard\/","article_published_time":"2024-09-25T14:10:34+00:00","article_modified_time":"2026-01-21T17:00:57+00:00","og_image":[{"width":900,"height":500,"url":"https:\/\/www.caravaning-esguard.com\/wp-content\/uploads\/2024\/09\/Caravaning-Esguard-Blog-Cinc-destinacions-nacionals-per-a-viatjar-amb-caravana-i-autocaravana-a-la-tardor.jpg","type":"image\/jpeg"}],"author":"Esguard Caravaning | Admin","twitter_card":"summary_large_image","twitter_misc":{"\u00c9crit par":"Esguard Caravaning | Admin","Dur\u00e9e de lecture estim\u00e9e":"2 minutes"},"schema":{"@context":"https:\/\/schema.org","@graph":[{"@type":"Article","@id":"https:\/\/www.caravaning-esguard.com\/cinc-destinacions-nacionals-per-a-viatjar-amb-caravana-i-autocaravana-a-la-tardor\/#article","isPartOf":{"@id":"https:\/\/www.caravaning-esguard.com\/cinc-destinacions-nacionals-per-a-viatjar-amb-caravana-i-autocaravana-a-la-tardor\/"},"author":{"name":"Esguard Caravaning | Admin","@id":"https:\/\/www.caravaning-esguard.com\/#\/schema\/person\/05ac6bcbad9099b2a8da5d84967c45e7"},"headline":"Cinc destinacions nacionals per a viatjar amb caravana i autocaravana a la tardor","datePublished":"2024-09-25T14:10:34+00:00","dateModified":"2026-01-21T17:00:57+00:00","mainEntityOfPage":{"@id":"https:\/\/www.caravaning-esguard.com\/cinc-destinacions-nacionals-per-a-viatjar-amb-caravana-i-autocaravana-a-la-tardor\/"},"wordCount":463,"publisher":{"@id":"https:\/\/www.caravaning-esguard.com\/#organization"},"image":{"@id":"https:\/\/www.caravaning-esguard.com\/cinc-destinacions-nacionals-per-a-viatjar-amb-caravana-i-autocaravana-a-la-tardor\/#primaryimage"},"thumbnailUrl":"https:\/\/www.caravaning-esguard.com\/wp-content\/uploads\/2024\/09\/Caravaning-Esguard-Blog-Cinc-destinacions-nacionals-per-a-viatjar-amb-caravana-i-autocaravana-a-la-tardor.jpg","articleSection":["Blog"],"inLanguage":"fr-FR"},{"@type":"WebPage","@id":"https:\/\/www.caravaning-esguard.com\/cinc-destinacions-nacionals-per-a-viatjar-amb-caravana-i-autocaravana-a-la-tardor\/","url":"https:\/\/www.caravaning-esguard.com\/cinc-destinacions-nacionals-per-a-viatjar-amb-caravana-i-autocaravana-a-la-tardor\/","name":"Cinc destinacions nacionals per a viatjar amb caravana i autocaravana a la tardor - Caravaning Esguard","isPartOf":{"@id":"https:\/\/www.caravaning-esguard.com\/#website"},"primaryImageOfPage":{"@id":"https:\/\/www.caravaning-esguard.com\/cinc-destinacions-nacionals-per-a-viatjar-amb-caravana-i-autocaravana-a-la-tardor\/#primaryimage"},"image":{"@id":"https:\/\/www.caravaning-esguard.com\/cinc-destinacions-nacionals-per-a-viatjar-amb-caravana-i-autocaravana-a-la-tardor\/#primaryimage"},"thumbnailUrl":"https:\/\/www.caravaning-esguard.com\/wp-content\/uploads\/2024\/09\/Caravaning-Esguard-Blog-Cinc-destinacions-nacionals-per-a-viatjar-amb-caravana-i-autocaravana-a-la-tardor.jpg","datePublished":"2024-09-25T14:10:34+00:00","dateModified":"2026-01-21T17:00:57+00:00","breadcrumb":{"@id":"https:\/\/www.caravaning-esguard.com\/cinc-destinacions-nacionals-per-a-viatjar-amb-caravana-i-autocaravana-a-la-tardor\/#breadcrumb"},"inLanguage":"fr-FR","potentialAction":[{"@type":"ReadAction","target":["https:\/\/www.caravaning-esguard.com\/cinc-destinacions-nacionals-per-a-viatjar-amb-caravana-i-autocaravana-a-la-tardor\/"]}]},{"@type":"ImageObject","inLanguage":"fr-FR","@id":"https:\/\/www.caravaning-esguard.com\/cinc-destinacions-nacionals-per-a-viatjar-amb-caravana-i-autocaravana-a-la-tardor\/#primaryimage","url":"https:\/\/www.caravaning-esguard.com\/wp-content\/uploads\/2024\/09\/Caravaning-Esguard-Blog-Cinc-destinacions-nacionals-per-a-viatjar-amb-caravana-i-autocaravana-a-la-tardor.jpg","contentUrl":"https:\/\/www.caravaning-esguard.com\/wp-content\/uploads\/2024\/09\/Caravaning-Esguard-Blog-Cinc-destinacions-nacionals-per-a-viatjar-amb-caravana-i-autocaravana-a-la-tardor.jpg","width":900,"height":500},{"@type":"BreadcrumbList","@id":"https:\/\/www.caravaning-esguard.com\/cinc-destinacions-nacionals-per-a-viatjar-amb-caravana-i-autocaravana-a-la-tardor\/#breadcrumb","itemListElement":[{"@type":"ListItem","position":1,"name":"Home","item":"https:\/\/www.caravaning-esguard.com\/"},{"@type":"ListItem","position":2,"name":"Cinc destinacions nacionals per a viatjar amb caravana i autocaravana a la tardor"}]},{"@type":"WebSite","@id":"https:\/\/www.caravaning-esguard.com\/#website","url":"https:\/\/www.caravaning-esguard.com\/","name":"Caravaning Esguard","description":"Santa Cristina d&#039;Aro","publisher":{"@id":"https:\/\/www.caravaning-esguard.com\/#organization"},"potentialAction":[{"@type":"SearchAction","target":{"@type":"EntryPoint","urlTemplate":"https:\/\/www.caravaning-esguard.com\/?s={search_term_string}"},"query-input":{"@type":"PropertyValueSpecification","valueRequired":true,"valueName":"search_term_string"}}],"inLanguage":"fr-FR"},{"@type":"Organization","@id":"https:\/\/www.caravaning-esguard.com\/#organization","name":"Caravaning Esguard","url":"https:\/\/www.caravaning-esguard.com\/","logo":{"@type":"ImageObject","inLanguage":"fr-FR","@id":"https:\/\/www.caravaning-esguard.com\/#\/schema\/logo\/image\/","url":"https:\/\/www.caravaning-esguard.com\/wp-content\/uploads\/2023\/09\/Caravaning-Esguard-Santa-Cristina-dAro-Logo.png","contentUrl":"https:\/\/www.caravaning-esguard.com\/wp-content\/uploads\/2023\/09\/Caravaning-Esguard-Santa-Cristina-dAro-Logo.png","width":228,"height":80,"caption":"Caravaning Esguard"},"image":{"@id":"https:\/\/www.caravaning-esguard.com\/#\/schema\/logo\/image\/"},"sameAs":["https:\/\/www.facebook.com\/caravaningesguard\/","https:\/\/www.instagram.com\/caravaningesguard\/"]},{"@type":"Person","@id":"https:\/\/www.caravaning-esguard.com\/#\/schema\/person\/05ac6bcbad9099b2a8da5d84967c45e7","name":"Esguard Caravaning | Admin","sameAs":["https:\/\/www.estudi33.net"],"url":"https:\/\/www.caravaning-esguard.com\/fr\/author\/esguard-caravaning-scda\/"}]}},"_links":{"self":[{"href":"https:\/\/www.caravaning-esguard.com\/fr\/wp-json\/wp\/v2\/posts\/5968","targetHints":{"allow":["GET"]}}],"collection":[{"href":"https:\/\/www.caravaning-esguard.com\/fr\/wp-json\/wp\/v2\/posts"}],"about":[{"href":"https:\/\/www.caravaning-esguard.com\/fr\/wp-json\/wp\/v2\/types\/post"}],"author":[{"embeddable":true,"href":"https:\/\/www.caravaning-esguard.com\/fr\/wp-json\/wp\/v2\/users\/1"}],"replies":[{"embeddable":true,"href":"https:\/\/www.caravaning-esguard.com\/fr\/wp-json\/wp\/v2\/comments?post=5968"}],"version-history":[{"count":0,"href":"https:\/\/www.caravaning-esguard.com\/fr\/wp-json\/wp\/v2\/posts\/5968\/revisions"}],"wp:featuredmedia":[{"embeddable":true,"href":"https:\/\/www.caravaning-esguard.com\/fr\/wp-json\/wp\/v2\/media\/5979"}],"wp:attachment":[{"href":"https:\/\/www.caravaning-esguard.com\/fr\/wp-json\/wp\/v2\/media?parent=5968"}],"wp:term":[{"taxonomy":"category","embeddable":true,"href":"https:\/\/www.caravaning-esguard.com\/fr\/wp-json\/wp\/v2\/categories?post=5968"},{"taxonomy":"post_tag","embeddable":true,"href":"https:\/\/www.caravaning-esguard.com\/fr\/wp-json\/wp\/v2\/tags?post=5968"}],"curies":[{"name":"wp","href":"https:\/\/api.w.org\/{rel}","templated":true}]}}