{"id":6085,"date":"2025-02-12T18:17:35","date_gmt":"2025-02-12T17:17:35","guid":{"rendered":"https:\/\/www.caravaning-esguard.com\/?p=6085"},"modified":"2026-01-19T11:26:19","modified_gmt":"2026-01-19T10:26:19","slug":"vacacinces-en-autocaravana-a-la-vista","status":"publish","type":"post","link":"https:\/\/www.caravaning-esguard.com\/fr\/vacacinces-en-autocaravana-a-la-vista\/","title":{"rendered":"Vacances en autocaravana a la vista!"},"content":{"rendered":"<p style=\"text-align: justify;\">Les vacances en autocaravana ofereixen llibertat, comoditat i una connexi\u00f3 \u00fanica amb la naturalesa. Tot i aix\u00f2, perqu\u00e8 l&#8217;experi\u00e8ncia sigui realment positiva, \u00e9s fonamental planificar b\u00e9 cada detall. A continuaci\u00f3, et deixem els aspectes clau que has de considerar abans d&#8217;emprendre el viatge.<\/p>\n<h3>1. Triar l&#8217;Autocaravana Adequada<\/h3>\n<p>Depenent del nombre de viatgers i el tipus d&#8217;experi\u00e8ncia que busques, has de seleccionar el model d&#8217;autocaravana que millor s&#8217;adapti a les teves necessitats. Considera aspectes com:<\/p>\n<ul>\n<li style=\"text-align: justify;\"><strong>Grand\u00e0ria i distribuci\u00f3<\/strong>: Si viatges en parella, una camper petita pot ser suficient, mentre que per a una fam\u00edlia, una autocaravana amb llits addicionals i bany complet ser\u00e0 m\u00e9s c\u00f2moda.<\/li>\n<li style=\"text-align: justify;\"><strong>Consum de combustible<\/strong>: Models m\u00e9s grans poden gastar m\u00e9s, la qual cosa impacta en el pressupost.<\/li>\n<li style=\"text-align: justify;\"><strong>Facilitat de conducci\u00f3 i maniobrabilitat<\/strong>: Si ets principiant, pot ser convenient un model compacte.<\/li>\n<\/ul>\n<h3>2. Planificar la Ruta<\/h3>\n<p>Si b\u00e9 l&#8217;autocaravana ofereix flexibilitat, \u00e9s recomanable tenir una ruta general definida. Alguns aspectes a considerar s\u00f3n:<\/p>\n<ul>\n<li><strong>Zones habilitades per a pernoctar<\/strong>: No a tots els pa\u00efsos o regions est\u00e0 perm\u00e8s dormir a qualsevol lloc.<\/li>\n<li><strong>Punts de prove\u00efment<\/strong>: Planifica on podr\u00e0s repostar aigua, electricitat i buidar les deixalles.<\/li>\n<li><strong>Atraccions tur\u00edstiques i parades interm\u00e8dies<\/strong>: Una bona planificaci\u00f3 ajuda a optimitzar el temps i gaudir m\u00e9s del viatge.<\/li>\n<\/ul>\n<h3>3. Equipament Essencial<\/h3>\n<p>Portar l&#8217;equip adequat \u00e9s crucial per a la comoditat i seguretat del viatge. Alguns elements imprescindibles inclouen:<\/p>\n<ul>\n<li>Utensilis de cuina i aliments no peribles.<\/li>\n<li>Roba adequada segons el clima.<\/li>\n<li>Eines b\u00e0siques i recanvis per a l&#8217;autocaravana.<\/li>\n<li>Kit de primers auxilis.<\/li>\n<li>Dispositius de navegaci\u00f3 i c\u00e0rrega per a electr\u00f2nics.<\/li>\n<\/ul>\n<h3>4. Normatives i Seguretat<\/h3>\n<p>Abans d&#8217;emprendre el viatge, informa&#8217;t sobre les normatives locals per a autocaravanes. Alguns punts a revisar inclouen:<\/p>\n<ul>\n<li>L\u00edmits de velocitat i regulacions d&#8217;aparcament.<\/li>\n<li>Asseguran\u00e7a de l&#8217;autocaravana i assist\u00e8ncia en carretera.<\/li>\n<li>Revisi\u00f3 mec\u00e0nica pr\u00e8via al viatge per a evitar imprevistos.<\/li>\n<\/ul>\n<h3>5. Pressupost i Despeses<\/h3>\n<p>Encara que viatjar en autocaravana pot ser m\u00e9s econ\u00f2mic, \u00e9s important considerar els costos:<\/p>\n<ul>\n<li>Lloguer o compra de l&#8217;autocaravana.<\/li>\n<li>Combustible i peatges.<\/li>\n<li>Pernoctes en \u00e0rees de c\u00e0mping o estacionaments autoritzats.<\/li>\n<li>Alimentaci\u00f3 i activitats recreatives.<\/li>\n<\/ul>\n<h3>6. Sostenibilitat i Respecte per l&#8217;Entorn<\/h3>\n<p>Viatjar en autocaravana implica gaudir de la naturalesa, per la qual cosa \u00e9s clau fer-ho de manera responsable:<\/p>\n<ul>\n<li>No deixar escombraries ni danyar l&#8217;entorn.<\/li>\n<li>Usar productes biodegradables.<\/li>\n<li>Respectar les normes de les \u00e0rees protegides.<\/li>\n<\/ul>\n<p>I el punt m\u00e9s important si est\u00e0s pensant en la teva primera experi\u00e8ncia en autocaravana: <a href=\"https:\/\/www.caravaning-esguard.com\/fr\/lloguer-alquiler-autocaravana\/\" target=\"_blank\" rel=\"noopener\"><strong>confiar en Rent &amp; Go!<\/strong><\/a><\/p>\n<p>Perqu\u00e8 oferim molt m\u00e9s que un lloguer d&#8217;autocaravana: et guiem en tot el proc\u00e9s, t&#8217;aconsellem i resolem tots els teus dubtes.<\/p>\n<h3>Perqu\u00e8 sabem que repetir\u00e0s!<\/h3>\n<p>T&#8217;esperem a <a href=\"http:\/\/www.rentandgo.cat\" target=\"_blank\" rel=\"noopener\"><strong>www.rentandgo.cat<\/strong><\/a><\/p>\n<p><img fetchpriority=\"high\" decoding=\"async\" class=\"aligncenter wp-image-6086 size-full\" src=\"https:\/\/www.caravaning-esguard.com\/wp-content\/uploads\/2025\/02\/Caravaning-Esguard-Blog-Vacances-en-autocaravana-a-la-vista.jpg\" alt=\"Caravaning Esguard - Blog - Vacances en autocaravana a la vista\" width=\"900\" height=\"500\" srcset=\"https:\/\/www.caravaning-esguard.com\/wp-content\/uploads\/2025\/02\/Caravaning-Esguard-Blog-Vacances-en-autocaravana-a-la-vista.jpg 900w, https:\/\/www.caravaning-esguard.com\/wp-content\/uploads\/2025\/02\/Caravaning-Esguard-Blog-Vacances-en-autocaravana-a-la-vista-300x167.jpg 300w, https:\/\/www.caravaning-esguard.com\/wp-content\/uploads\/2025\/02\/Caravaning-Esguard-Blog-Vacances-en-autocaravana-a-la-vista-768x427.jpg 768w\" sizes=\"(max-width: 900px) 100vw, 900px\" \/><\/p>","protected":false},"excerpt":{"rendered":"<p>Les vacances en autocaravana ofereixen llibertat, comoditat i una connexi\u00f3 \u00fanica amb la naturalesa. Tot i aix\u00f2, perqu\u00e8 l&#8217;experi\u00e8ncia sigui realment positiva, \u00e9s fonamental planificar b\u00e9 cada detall. A continuaci\u00f3, et deixem els aspectes clau que has de considerar abans d&#8217;emprendre el viatge.<\/p>","protected":false},"author":1,"featured_media":6086,"comment_status":"closed","ping_status":"closed","sticky":false,"template":"","format":"standard","meta":{"footnotes":""},"categories":[1],"tags":[],"class_list":["post-6085","post","type-post","status-publish","format-standard","has-post-thumbnail","hentry","category-blog"],"yoast_head":"<!-- This site is optimized with the Yoast SEO plugin v27.5 - https:\/\/yoast.com\/product\/yoast-seo-wordpress\/ -->\n<title>Vacances en autocaravana a la vista! - Caravaning Esguard<\/title>\n<meta name=\"robots\" content=\"index, follow, max-snippet:-1, max-image-preview:large, max-video-preview:-1\" \/>\n<link rel=\"canonical\" href=\"https:\/\/www.caravaning-esguard.com\/fr\/vacacinces-en-autocaravana-a-la-vista\/\" \/>\n<meta property=\"og:locale\" content=\"fr_FR\" \/>\n<meta property=\"og:type\" content=\"article\" \/>\n<meta property=\"og:title\" content=\"Vacances en autocaravana a la vista! - Caravaning Esguard\" \/>\n<meta property=\"og:description\" content=\"Les vacances en autocaravana ofereixen llibertat, comoditat i una connexi\u00f3 \u00fanica amb la naturalesa. Tot i aix\u00f2, perqu\u00e8 l&#039;experi\u00e8ncia sigui realment positiva, \u00e9s fonamental planificar b\u00e9 cada detall. A continuaci\u00f3, et deixem els aspectes clau que has de considerar abans d&#039;emprendre el viatge.\" \/>\n<meta property=\"og:url\" content=\"https:\/\/www.caravaning-esguard.com\/fr\/vacacinces-en-autocaravana-a-la-vista\/\" \/>\n<meta property=\"og:site_name\" content=\"Caravaning Esguard\" \/>\n<meta property=\"article:publisher\" content=\"https:\/\/www.facebook.com\/caravaningesguard\/\" \/>\n<meta property=\"article:published_time\" content=\"2025-02-12T17:17:35+00:00\" \/>\n<meta property=\"article:modified_time\" content=\"2026-01-19T10:26:19+00:00\" \/>\n<meta property=\"og:image\" content=\"https:\/\/www.caravaning-esguard.com\/wp-content\/uploads\/2025\/02\/Caravaning-Esguard-Blog-Vacances-en-autocaravana-a-la-vista.jpg\" \/>\n\t<meta property=\"og:image:width\" content=\"900\" \/>\n\t<meta property=\"og:image:height\" content=\"500\" \/>\n\t<meta property=\"og:image:type\" content=\"image\/jpeg\" \/>\n<meta name=\"author\" content=\"Esguard Caravaning | Admin\" \/>\n<meta name=\"twitter:card\" content=\"summary_large_image\" \/>\n<meta name=\"twitter:label1\" content=\"\u00c9crit par\" \/>\n\t<meta name=\"twitter:data1\" content=\"Esguard Caravaning | Admin\" \/>\n\t<meta name=\"twitter:label2\" content=\"Dur\u00e9e de lecture estim\u00e9e\" \/>\n\t<meta name=\"twitter:data2\" content=\"2 minutes\" \/>\n<script type=\"application\/ld+json\" class=\"yoast-schema-graph\">{\"@context\":\"https:\\\/\\\/schema.org\",\"@graph\":[{\"@type\":\"Article\",\"@id\":\"https:\\\/\\\/www.caravaning-esguard.com\\\/vacacinces-en-autocaravana-a-la-vista\\\/#article\",\"isPartOf\":{\"@id\":\"https:\\\/\\\/www.caravaning-esguard.com\\\/vacacinces-en-autocaravana-a-la-vista\\\/\"},\"author\":{\"name\":\"Esguard Caravaning | Admin\",\"@id\":\"https:\\\/\\\/www.caravaning-esguard.com\\\/#\\\/schema\\\/person\\\/05ac6bcbad9099b2a8da5d84967c45e7\"},\"headline\":\"Vacances en autocaravana a la vista!\",\"datePublished\":\"2025-02-12T17:17:35+00:00\",\"dateModified\":\"2026-01-19T10:26:19+00:00\",\"mainEntityOfPage\":{\"@id\":\"https:\\\/\\\/www.caravaning-esguard.com\\\/vacacinces-en-autocaravana-a-la-vista\\\/\"},\"wordCount\":478,\"publisher\":{\"@id\":\"https:\\\/\\\/www.caravaning-esguard.com\\\/#organization\"},\"image\":{\"@id\":\"https:\\\/\\\/www.caravaning-esguard.com\\\/vacacinces-en-autocaravana-a-la-vista\\\/#primaryimage\"},\"thumbnailUrl\":\"https:\\\/\\\/www.caravaning-esguard.com\\\/wp-content\\\/uploads\\\/2025\\\/02\\\/Caravaning-Esguard-Blog-Vacances-en-autocaravana-a-la-vista.jpg\",\"articleSection\":[\"Blog\"],\"inLanguage\":\"fr-FR\"},{\"@type\":\"WebPage\",\"@id\":\"https:\\\/\\\/www.caravaning-esguard.com\\\/vacacinces-en-autocaravana-a-la-vista\\\/\",\"url\":\"https:\\\/\\\/www.caravaning-esguard.com\\\/vacacinces-en-autocaravana-a-la-vista\\\/\",\"name\":\"Vacances en autocaravana a la vista! - Caravaning Esguard\",\"isPartOf\":{\"@id\":\"https:\\\/\\\/www.caravaning-esguard.com\\\/#website\"},\"primaryImageOfPage\":{\"@id\":\"https:\\\/\\\/www.caravaning-esguard.com\\\/vacacinces-en-autocaravana-a-la-vista\\\/#primaryimage\"},\"image\":{\"@id\":\"https:\\\/\\\/www.caravaning-esguard.com\\\/vacacinces-en-autocaravana-a-la-vista\\\/#primaryimage\"},\"thumbnailUrl\":\"https:\\\/\\\/www.caravaning-esguard.com\\\/wp-content\\\/uploads\\\/2025\\\/02\\\/Caravaning-Esguard-Blog-Vacances-en-autocaravana-a-la-vista.jpg\",\"datePublished\":\"2025-02-12T17:17:35+00:00\",\"dateModified\":\"2026-01-19T10:26:19+00:00\",\"breadcrumb\":{\"@id\":\"https:\\\/\\\/www.caravaning-esguard.com\\\/vacacinces-en-autocaravana-a-la-vista\\\/#breadcrumb\"},\"inLanguage\":\"fr-FR\",\"potentialAction\":[{\"@type\":\"ReadAction\",\"target\":[\"https:\\\/\\\/www.caravaning-esguard.com\\\/vacacinces-en-autocaravana-a-la-vista\\\/\"]}]},{\"@type\":\"ImageObject\",\"inLanguage\":\"fr-FR\",\"@id\":\"https:\\\/\\\/www.caravaning-esguard.com\\\/vacacinces-en-autocaravana-a-la-vista\\\/#primaryimage\",\"url\":\"https:\\\/\\\/www.caravaning-esguard.com\\\/wp-content\\\/uploads\\\/2025\\\/02\\\/Caravaning-Esguard-Blog-Vacances-en-autocaravana-a-la-vista.jpg\",\"contentUrl\":\"https:\\\/\\\/www.caravaning-esguard.com\\\/wp-content\\\/uploads\\\/2025\\\/02\\\/Caravaning-Esguard-Blog-Vacances-en-autocaravana-a-la-vista.jpg\",\"width\":900,\"height\":500,\"caption\":\"Caravaning Esguard - Blog - Vacances en autocaravana a la vista\"},{\"@type\":\"BreadcrumbList\",\"@id\":\"https:\\\/\\\/www.caravaning-esguard.com\\\/vacacinces-en-autocaravana-a-la-vista\\\/#breadcrumb\",\"itemListElement\":[{\"@type\":\"ListItem\",\"position\":1,\"name\":\"Home\",\"item\":\"https:\\\/\\\/www.caravaning-esguard.com\\\/\"},{\"@type\":\"ListItem\",\"position\":2,\"name\":\"Vacances en autocaravana a la vista!\"}]},{\"@type\":\"WebSite\",\"@id\":\"https:\\\/\\\/www.caravaning-esguard.com\\\/#website\",\"url\":\"https:\\\/\\\/www.caravaning-esguard.com\\\/\",\"name\":\"Caravaning Esguard\",\"description\":\"Santa Cristina d&#039;Aro\",\"publisher\":{\"@id\":\"https:\\\/\\\/www.caravaning-esguard.com\\\/#organization\"},\"potentialAction\":[{\"@type\":\"SearchAction\",\"target\":{\"@type\":\"EntryPoint\",\"urlTemplate\":\"https:\\\/\\\/www.caravaning-esguard.com\\\/?s={search_term_string}\"},\"query-input\":{\"@type\":\"PropertyValueSpecification\",\"valueRequired\":true,\"valueName\":\"search_term_string\"}}],\"inLanguage\":\"fr-FR\"},{\"@type\":\"Organization\",\"@id\":\"https:\\\/\\\/www.caravaning-esguard.com\\\/#organization\",\"name\":\"Caravaning Esguard\",\"url\":\"https:\\\/\\\/www.caravaning-esguard.com\\\/\",\"logo\":{\"@type\":\"ImageObject\",\"inLanguage\":\"fr-FR\",\"@id\":\"https:\\\/\\\/www.caravaning-esguard.com\\\/#\\\/schema\\\/logo\\\/image\\\/\",\"url\":\"https:\\\/\\\/www.caravaning-esguard.com\\\/wp-content\\\/uploads\\\/2023\\\/09\\\/Caravaning-Esguard-Santa-Cristina-dAro-Logo.png\",\"contentUrl\":\"https:\\\/\\\/www.caravaning-esguard.com\\\/wp-content\\\/uploads\\\/2023\\\/09\\\/Caravaning-Esguard-Santa-Cristina-dAro-Logo.png\",\"width\":228,\"height\":80,\"caption\":\"Caravaning Esguard\"},\"image\":{\"@id\":\"https:\\\/\\\/www.caravaning-esguard.com\\\/#\\\/schema\\\/logo\\\/image\\\/\"},\"sameAs\":[\"https:\\\/\\\/www.facebook.com\\\/caravaningesguard\\\/\",\"https:\\\/\\\/www.instagram.com\\\/caravaningesguard\\\/\"]},{\"@type\":\"Person\",\"@id\":\"https:\\\/\\\/www.caravaning-esguard.com\\\/#\\\/schema\\\/person\\\/05ac6bcbad9099b2a8da5d84967c45e7\",\"name\":\"Esguard Caravaning | Admin\",\"sameAs\":[\"https:\\\/\\\/www.estudi33.net\"],\"url\":\"https:\\\/\\\/www.caravaning-esguard.com\\\/fr\\\/author\\\/esguard-caravaning-scda\\\/\"}]}<\/script>\n<!-- \/ Yoast SEO plugin. -->","yoast_head_json":{"title":"Vacances en autocaravana a la vista! - Caravaning Esguard","robots":{"index":"index","follow":"follow","max-snippet":"max-snippet:-1","max-image-preview":"max-image-preview:large","max-video-preview":"max-video-preview:-1"},"canonical":"https:\/\/www.caravaning-esguard.com\/fr\/vacacinces-en-autocaravana-a-la-vista\/","og_locale":"fr_FR","og_type":"article","og_title":"Vacances en autocaravana a la vista! - Caravaning Esguard","og_description":"Les vacances en autocaravana ofereixen llibertat, comoditat i una connexi\u00f3 \u00fanica amb la naturalesa. Tot i aix\u00f2, perqu\u00e8 l'experi\u00e8ncia sigui realment positiva, \u00e9s fonamental planificar b\u00e9 cada detall. A continuaci\u00f3, et deixem els aspectes clau que has de considerar abans d'emprendre el viatge.","og_url":"https:\/\/www.caravaning-esguard.com\/fr\/vacacinces-en-autocaravana-a-la-vista\/","og_site_name":"Caravaning Esguard","article_publisher":"https:\/\/www.facebook.com\/caravaningesguard\/","article_published_time":"2025-02-12T17:17:35+00:00","article_modified_time":"2026-01-19T10:26:19+00:00","og_image":[{"width":900,"height":500,"url":"https:\/\/www.caravaning-esguard.com\/wp-content\/uploads\/2025\/02\/Caravaning-Esguard-Blog-Vacances-en-autocaravana-a-la-vista.jpg","type":"image\/jpeg"}],"author":"Esguard Caravaning | Admin","twitter_card":"summary_large_image","twitter_misc":{"\u00c9crit par":"Esguard Caravaning | Admin","Dur\u00e9e de lecture estim\u00e9e":"2 minutes"},"schema":{"@context":"https:\/\/schema.org","@graph":[{"@type":"Article","@id":"https:\/\/www.caravaning-esguard.com\/vacacinces-en-autocaravana-a-la-vista\/#article","isPartOf":{"@id":"https:\/\/www.caravaning-esguard.com\/vacacinces-en-autocaravana-a-la-vista\/"},"author":{"name":"Esguard Caravaning | Admin","@id":"https:\/\/www.caravaning-esguard.com\/#\/schema\/person\/05ac6bcbad9099b2a8da5d84967c45e7"},"headline":"Vacances en autocaravana a la vista!","datePublished":"2025-02-12T17:17:35+00:00","dateModified":"2026-01-19T10:26:19+00:00","mainEntityOfPage":{"@id":"https:\/\/www.caravaning-esguard.com\/vacacinces-en-autocaravana-a-la-vista\/"},"wordCount":478,"publisher":{"@id":"https:\/\/www.caravaning-esguard.com\/#organization"},"image":{"@id":"https:\/\/www.caravaning-esguard.com\/vacacinces-en-autocaravana-a-la-vista\/#primaryimage"},"thumbnailUrl":"https:\/\/www.caravaning-esguard.com\/wp-content\/uploads\/2025\/02\/Caravaning-Esguard-Blog-Vacances-en-autocaravana-a-la-vista.jpg","articleSection":["Blog"],"inLanguage":"fr-FR"},{"@type":"WebPage","@id":"https:\/\/www.caravaning-esguard.com\/vacacinces-en-autocaravana-a-la-vista\/","url":"https:\/\/www.caravaning-esguard.com\/vacacinces-en-autocaravana-a-la-vista\/","name":"Vacances en autocaravana a la vista! - Caravaning Esguard","isPartOf":{"@id":"https:\/\/www.caravaning-esguard.com\/#website"},"primaryImageOfPage":{"@id":"https:\/\/www.caravaning-esguard.com\/vacacinces-en-autocaravana-a-la-vista\/#primaryimage"},"image":{"@id":"https:\/\/www.caravaning-esguard.com\/vacacinces-en-autocaravana-a-la-vista\/#primaryimage"},"thumbnailUrl":"https:\/\/www.caravaning-esguard.com\/wp-content\/uploads\/2025\/02\/Caravaning-Esguard-Blog-Vacances-en-autocaravana-a-la-vista.jpg","datePublished":"2025-02-12T17:17:35+00:00","dateModified":"2026-01-19T10:26:19+00:00","breadcrumb":{"@id":"https:\/\/www.caravaning-esguard.com\/vacacinces-en-autocaravana-a-la-vista\/#breadcrumb"},"inLanguage":"fr-FR","potentialAction":[{"@type":"ReadAction","target":["https:\/\/www.caravaning-esguard.com\/vacacinces-en-autocaravana-a-la-vista\/"]}]},{"@type":"ImageObject","inLanguage":"fr-FR","@id":"https:\/\/www.caravaning-esguard.com\/vacacinces-en-autocaravana-a-la-vista\/#primaryimage","url":"https:\/\/www.caravaning-esguard.com\/wp-content\/uploads\/2025\/02\/Caravaning-Esguard-Blog-Vacances-en-autocaravana-a-la-vista.jpg","contentUrl":"https:\/\/www.caravaning-esguard.com\/wp-content\/uploads\/2025\/02\/Caravaning-Esguard-Blog-Vacances-en-autocaravana-a-la-vista.jpg","width":900,"height":500,"caption":"Caravaning Esguard - Blog - Vacances en autocaravana a la vista"},{"@type":"BreadcrumbList","@id":"https:\/\/www.caravaning-esguard.com\/vacacinces-en-autocaravana-a-la-vista\/#breadcrumb","itemListElement":[{"@type":"ListItem","position":1,"name":"Home","item":"https:\/\/www.caravaning-esguard.com\/"},{"@type":"ListItem","position":2,"name":"Vacances en autocaravana a la vista!"}]},{"@type":"WebSite","@id":"https:\/\/www.caravaning-esguard.com\/#website","url":"https:\/\/www.caravaning-esguard.com\/","name":"Caravaning Esguard","description":"Santa Cristina d&#039;Aro","publisher":{"@id":"https:\/\/www.caravaning-esguard.com\/#organization"},"potentialAction":[{"@type":"SearchAction","target":{"@type":"EntryPoint","urlTemplate":"https:\/\/www.caravaning-esguard.com\/?s={search_term_string}"},"query-input":{"@type":"PropertyValueSpecification","valueRequired":true,"valueName":"search_term_string"}}],"inLanguage":"fr-FR"},{"@type":"Organization","@id":"https:\/\/www.caravaning-esguard.com\/#organization","name":"Caravaning Esguard","url":"https:\/\/www.caravaning-esguard.com\/","logo":{"@type":"ImageObject","inLanguage":"fr-FR","@id":"https:\/\/www.caravaning-esguard.com\/#\/schema\/logo\/image\/","url":"https:\/\/www.caravaning-esguard.com\/wp-content\/uploads\/2023\/09\/Caravaning-Esguard-Santa-Cristina-dAro-Logo.png","contentUrl":"https:\/\/www.caravaning-esguard.com\/wp-content\/uploads\/2023\/09\/Caravaning-Esguard-Santa-Cristina-dAro-Logo.png","width":228,"height":80,"caption":"Caravaning Esguard"},"image":{"@id":"https:\/\/www.caravaning-esguard.com\/#\/schema\/logo\/image\/"},"sameAs":["https:\/\/www.facebook.com\/caravaningesguard\/","https:\/\/www.instagram.com\/caravaningesguard\/"]},{"@type":"Person","@id":"https:\/\/www.caravaning-esguard.com\/#\/schema\/person\/05ac6bcbad9099b2a8da5d84967c45e7","name":"Esguard Caravaning | Admin","sameAs":["https:\/\/www.estudi33.net"],"url":"https:\/\/www.caravaning-esguard.com\/fr\/author\/esguard-caravaning-scda\/"}]}},"_links":{"self":[{"href":"https:\/\/www.caravaning-esguard.com\/fr\/wp-json\/wp\/v2\/posts\/6085","targetHints":{"allow":["GET"]}}],"collection":[{"href":"https:\/\/www.caravaning-esguard.com\/fr\/wp-json\/wp\/v2\/posts"}],"about":[{"href":"https:\/\/www.caravaning-esguard.com\/fr\/wp-json\/wp\/v2\/types\/post"}],"author":[{"embeddable":true,"href":"https:\/\/www.caravaning-esguard.com\/fr\/wp-json\/wp\/v2\/users\/1"}],"replies":[{"embeddable":true,"href":"https:\/\/www.caravaning-esguard.com\/fr\/wp-json\/wp\/v2\/comments?post=6085"}],"version-history":[{"count":0,"href":"https:\/\/www.caravaning-esguard.com\/fr\/wp-json\/wp\/v2\/posts\/6085\/revisions"}],"wp:featuredmedia":[{"embeddable":true,"href":"https:\/\/www.caravaning-esguard.com\/fr\/wp-json\/wp\/v2\/media\/6086"}],"wp:attachment":[{"href":"https:\/\/www.caravaning-esguard.com\/fr\/wp-json\/wp\/v2\/media?parent=6085"}],"wp:term":[{"taxonomy":"category","embeddable":true,"href":"https:\/\/www.caravaning-esguard.com\/fr\/wp-json\/wp\/v2\/categories?post=6085"},{"taxonomy":"post_tag","embeddable":true,"href":"https:\/\/www.caravaning-esguard.com\/fr\/wp-json\/wp\/v2\/tags?post=6085"}],"curies":[{"name":"wp","href":"https:\/\/api.w.org\/{rel}","templated":true}]}}