{"id":6182,"date":"2025-10-23T11:09:44","date_gmt":"2025-10-23T09:09:44","guid":{"rendered":"https:\/\/www.caravaning-esguard.com\/?p=6182"},"modified":"2025-10-23T11:10:46","modified_gmt":"2025-10-23T09:10:46","slug":"la-nostra-visita-al-salo-del-caravaning-de-barcelona-inspiracio-i-novetats","status":"publish","type":"post","link":"https:\/\/www.caravaning-esguard.com\/fr\/la-nostra-visita-al-salo-del-caravaning-de-barcelona-inspiracio-i-novetats\/","title":{"rendered":"La nostra visita al Sal\u00f3 del Caravaning de Barcelona: inspiraci\u00f3 i novetats"},"content":{"rendered":"<div data-elementor-type=\"wp-post\" data-elementor-id=\"6182\" class=\"elementor elementor-6182\" data-elementor-post-type=\"post\">\n\t\t\t\t<div class=\"elementor-element elementor-element-cf6bd9b e-flex e-con-boxed e-con e-parent\" data-id=\"cf6bd9b\" data-element_type=\"container\" data-e-type=\"container\">\n\t\t\t\t\t<div class=\"e-con-inner\">\n\t\t\t\t<div class=\"elementor-element elementor-element-22d96f4 elementor-widget elementor-widget-text-editor\" data-id=\"22d96f4\" data-element_type=\"widget\" data-e-type=\"widget\" data-widget_type=\"text-editor.default\">\n\t\t\t\t\t\t\t\t\t<p>Un any m\u00e9s, a\u00a0Caravaning\u00a0Esguard\u00a0hem tingut l&#8217;oportunitat d&#8217;assistir el Sal\u00f3 del\u00a0Caravaning\u00a0de Barcelona, un esdeveniment que reuneix els amants del\u00a0caravaning\u00a0i les \u00faltimes novetats del sector. Va ser una experi\u00e8ncia enriquidora que volem compartir amb tu.<\/p>\t\t\t\t\t\t\t\t<\/div>\n\t\t\t\t<div class=\"elementor-element elementor-element-1943cf2 elementor-widget elementor-widget-heading\" data-id=\"1943cf2\" data-element_type=\"widget\" data-e-type=\"widget\" data-widget_type=\"heading.default\">\n\t\t\t\t\t<h3 class=\"elementor-heading-title elementor-size-default\">Descobrint les \u00faltimes tend\u00e8ncies<\/h3>\t\t\t\t<\/div>\n\t\t\t\t<div class=\"elementor-element elementor-element-e1d6046 elementor-widget elementor-widget-text-editor\" data-id=\"e1d6046\" data-element_type=\"widget\" data-e-type=\"widget\" data-widget_type=\"text-editor.default\">\n\t\t\t\t\t\t\t\t\t<p>El sal\u00f3 va ser un aparador d&#8217;innovaci\u00f3: des d&#8217;autocaravanes i\u00a0campers\u00a0d&#8217;\u00faltima generaci\u00f3, fins a accessoris i solucions per a fer de cada viatge una experi\u00e8ncia m\u00e9s c\u00f2moda i segura. Vam poder veure de primera m\u00e0 com la tecnologia i el disseny es combinen per a oferir vehicles cada vegada m\u00e9s vers\u00e0tils i adaptats a totes les necessitats.<\/p>\t\t\t\t\t\t\t\t<\/div>\n\t\t\t\t<div class=\"elementor-element elementor-element-291bfa9 elementor-widget elementor-widget-heading\" data-id=\"291bfa9\" data-element_type=\"widget\" data-e-type=\"widget\" data-widget_type=\"heading.default\">\n\t\t\t\t\t<h3 class=\"elementor-heading-title elementor-size-default\">Inspiraci\u00f3 per a futurs viatges<\/h3>\t\t\t\t<\/div>\n\t\t\t\t<div class=\"elementor-element elementor-element-cefac34 elementor-widget elementor-widget-text-editor\" data-id=\"cefac34\" data-element_type=\"widget\" data-e-type=\"widget\" data-widget_type=\"text-editor.default\">\n\t\t\t\t\t\t\t\t\t<p>M\u00e9s enll\u00e0 dels vehicles, el sal\u00f3 est\u00e0 ple d&#8217;idees i consells per als viatgers. Espais de c\u00e0mping intel\u00b7ligents, aplicacions per a planificar rutes, i fins a solucions ecol\u00f2giques que busquen reduir l&#8217;impacte ambiental dels nostres viatges. Sens dubte, \u00e9s el lloc perfecte per a inspirar-se i comen\u00e7ar a planificar la teva propera aventura sobre rodes.<\/p>\t\t\t\t\t\t\t\t<\/div>\n\t\t\t\t<div class=\"elementor-element elementor-element-38eef11 elementor-widget elementor-widget-heading\" data-id=\"38eef11\" data-element_type=\"widget\" data-e-type=\"widget\" data-widget_type=\"heading.default\">\n\t\t\t\t\t<h3 class=\"elementor-heading-title elementor-size-default\">Trobades amb professionals i amants del caravaning<\/h3>\t\t\t\t<\/div>\n\t\t\t\t<div class=\"elementor-element elementor-element-ba7e8ed elementor-widget elementor-widget-text-editor\" data-id=\"ba7e8ed\" data-element_type=\"widget\" data-e-type=\"widget\" data-widget_type=\"text-editor.default\">\n\t\t\t\t\t\t\t\t\t<p>Un dels aspectes m\u00e9s enriquidors de la visita va ser poder interactuar amb altres professionals i entusiastes del\u00a0caravaning. Intercanviar experi\u00e8ncies, con\u00e8ixer hist\u00f2ries de viatge i descobrir noves marques ens va permetre ampliar la nostra visi\u00f3 i millorar el nostre servei per a tots els nostres clients.<\/p>\t\t\t\t\t\t\t\t<\/div>\n\t\t\t\t<div class=\"elementor-element elementor-element-aef7b68 elementor-widget elementor-widget-heading\" data-id=\"aef7b68\" data-element_type=\"widget\" data-e-type=\"widget\" data-widget_type=\"heading.default\">\n\t\t\t\t\t<h3 class=\"elementor-heading-title elementor-size-default\">El que ens emportem del Sal\u00f3<\/h3>\t\t\t\t<\/div>\n\t\t\t\t<div class=\"elementor-element elementor-element-efae5d2 elementor-widget elementor-widget-text-editor\" data-id=\"efae5d2\" data-element_type=\"widget\" data-e-type=\"widget\" data-widget_type=\"text-editor.default\">\n\t\t\t\t\t\t\t\t\t<p>La nostra visita al Sal\u00f3 del Caravaning de Barcelona ens ha deixat m\u00e9s motivats que mai. Noves idees, vehicles innovadors i un munt d&#8217;inspiraci\u00f3 per a continuar oferint als nostres clients les millors opcions per a viatjar en llibertat. Estem llestos per a ajudar-te a fer realitat les teves aventures sobre rodes!<\/p><p>Si vols descobrir m\u00e9s sobre les nostres novetats i pr\u00f2xims esdeveniments, segueix-nos a les nostres xarxes o vine a visitar-nos a Caravaning Esguard.\u00a0<\/p>\t\t\t\t\t\t\t\t<\/div>\n\t\t\t\t<div class=\"elementor-element elementor-element-fa46e45 elementor-widget elementor-widget-heading\" data-id=\"fa46e45\" data-element_type=\"widget\" data-e-type=\"widget\" data-widget_type=\"heading.default\">\n\t\t\t\t\t<h2 class=\"elementor-heading-title elementor-size-default\">La teva propera aventura comen\u00e7a aqu\u00ed!<\/h2>\t\t\t\t<\/div>\n\t\t\t\t<div class=\"elementor-element elementor-element-3c90e66 elementor-widget elementor-widget-gallery\" data-id=\"3c90e66\" data-element_type=\"widget\" data-e-type=\"widget\" data-settings=\"{&quot;columns&quot;:3,&quot;gap_mobile&quot;:{&quot;unit&quot;:&quot;px&quot;,&quot;size&quot;:3,&quot;sizes&quot;:[]},&quot;aspect_ratio&quot;:&quot;16:9&quot;,&quot;lazyload&quot;:&quot;yes&quot;,&quot;gallery_layout&quot;:&quot;grid&quot;,&quot;columns_tablet&quot;:2,&quot;columns_mobile&quot;:1,&quot;gap&quot;:{&quot;unit&quot;:&quot;px&quot;,&quot;size&quot;:10,&quot;sizes&quot;:[]},&quot;gap_tablet&quot;:{&quot;unit&quot;:&quot;px&quot;,&quot;size&quot;:10,&quot;sizes&quot;:[]},&quot;link_to&quot;:&quot;file&quot;,&quot;overlay_background&quot;:&quot;yes&quot;,&quot;content_hover_animation&quot;:&quot;fade-in&quot;}\" data-widget_type=\"gallery.default\">\n\t\t\t\t\t\t\t<div class=\"elementor-gallery__container\">\n\t\t\t\t\t\t\t<a class=\"e-gallery-item elementor-gallery-item elementor-animated-content\" href=\"https:\/\/www.caravaning-esguard.com\/wp-content\/uploads\/2025\/10\/Caravaning-Esguard-\u2013-Blog-\u2013-Salo-del-Caravaning-Barcelona-2025-06.jpg\" data-elementor-open-lightbox=\"yes\" data-elementor-lightbox-slideshow=\"3c90e66\" data-elementor-lightbox-title=\"Caravaning Esguard \u2013 Blog \u2013 Sal\u00f3 del Caravaning Barcelona 2025\" data-e-action-hash=\"#elementor-action%3Aaction%3Dlightbox%26settings%3DeyJpZCI6NjIwNiwidXJsIjoiaHR0cHM6XC9cL3d3dy5jYXJhdmFuaW5nLWVzZ3VhcmQuY29tXC93cC1jb250ZW50XC91cGxvYWRzXC8yMDI1XC8xMFwvQ2FyYXZhbmluZy1Fc2d1YXJkLVx1MjAxMy1CbG9nLVx1MjAxMy1TYWxvLWRlbC1DYXJhdmFuaW5nLUJhcmNlbG9uYS0yMDI1LTA2LmpwZyIsInNsaWRlc2hvdyI6IjNjOTBlNjYifQ%3D%3D\">\n\t\t\t\t\t<div class=\"e-gallery-image elementor-gallery-item__image\" data-thumbnail=\"https:\/\/www.caravaning-esguard.com\/wp-content\/uploads\/2025\/10\/Caravaning-Esguard-\u2013-Blog-\u2013-Salo-del-Caravaning-Barcelona-2025-06.jpg\" data-width=\"900\" data-height=\"500\" aria-label=\"Caravaning Esguard \u2013 Blog \u2013 Sal\u00f3 del Caravaning Barcelona 2025\" role=\"img\" ><\/div>\n\t\t\t\t\t\t\t\t\t\t\t<div class=\"elementor-gallery-item__overlay\"><\/div>\n\t\t\t\t\t\t\t\t\t\t\t\t\t\t<\/a>\n\t\t\t\t\t\t\t<a class=\"e-gallery-item elementor-gallery-item elementor-animated-content\" href=\"https:\/\/www.caravaning-esguard.com\/wp-content\/uploads\/2025\/10\/Caravaning-Esguard-\u2013-Blog-\u2013-Salo-del-Caravaning-Barcelona-2025-08.jpg\" data-elementor-open-lightbox=\"yes\" data-elementor-lightbox-slideshow=\"3c90e66\" data-elementor-lightbox-title=\"Caravaning Esguard \u2013 Blog \u2013 Sal\u00f3 del Caravaning Barcelona 2025\" data-e-action-hash=\"#elementor-action%3Aaction%3Dlightbox%26settings%3DeyJpZCI6NjIwNCwidXJsIjoiaHR0cHM6XC9cL3d3dy5jYXJhdmFuaW5nLWVzZ3VhcmQuY29tXC93cC1jb250ZW50XC91cGxvYWRzXC8yMDI1XC8xMFwvQ2FyYXZhbmluZy1Fc2d1YXJkLVx1MjAxMy1CbG9nLVx1MjAxMy1TYWxvLWRlbC1DYXJhdmFuaW5nLUJhcmNlbG9uYS0yMDI1LTA4LmpwZyIsInNsaWRlc2hvdyI6IjNjOTBlNjYifQ%3D%3D\">\n\t\t\t\t\t<div class=\"e-gallery-image elementor-gallery-item__image\" data-thumbnail=\"https:\/\/www.caravaning-esguard.com\/wp-content\/uploads\/2025\/10\/Caravaning-Esguard-\u2013-Blog-\u2013-Salo-del-Caravaning-Barcelona-2025-08.jpg\" data-width=\"900\" data-height=\"500\" aria-label=\"Caravaning Esguard \u2013 Blog \u2013 Sal\u00f3 del Caravaning Barcelona 2025\" role=\"img\" ><\/div>\n\t\t\t\t\t\t\t\t\t\t\t<div class=\"elementor-gallery-item__overlay\"><\/div>\n\t\t\t\t\t\t\t\t\t\t\t\t\t\t<\/a>\n\t\t\t\t\t\t\t<a class=\"e-gallery-item elementor-gallery-item elementor-animated-content\" href=\"https:\/\/www.caravaning-esguard.com\/wp-content\/uploads\/2025\/10\/Caravaning-Esguard-\u2013-Blog-\u2013-Salo-del-Caravaning-Barcelona-2025-03.jpg\" data-elementor-open-lightbox=\"yes\" data-elementor-lightbox-slideshow=\"3c90e66\" data-elementor-lightbox-title=\"Caravaning Esguard \u2013 Blog \u2013 Sal\u00f3 del Caravaning Barcelona 2025\" data-e-action-hash=\"#elementor-action%3Aaction%3Dlightbox%26settings%3DeyJpZCI6NjIxMCwidXJsIjoiaHR0cHM6XC9cL3d3dy5jYXJhdmFuaW5nLWVzZ3VhcmQuY29tXC93cC1jb250ZW50XC91cGxvYWRzXC8yMDI1XC8xMFwvQ2FyYXZhbmluZy1Fc2d1YXJkLVx1MjAxMy1CbG9nLVx1MjAxMy1TYWxvLWRlbC1DYXJhdmFuaW5nLUJhcmNlbG9uYS0yMDI1LTAzLmpwZyIsInNsaWRlc2hvdyI6IjNjOTBlNjYifQ%3D%3D\">\n\t\t\t\t\t<div class=\"e-gallery-image elementor-gallery-item__image\" data-thumbnail=\"https:\/\/www.caravaning-esguard.com\/wp-content\/uploads\/2025\/10\/Caravaning-Esguard-\u2013-Blog-\u2013-Salo-del-Caravaning-Barcelona-2025-03.jpg\" data-width=\"900\" data-height=\"500\" aria-label=\"Caravaning Esguard \u2013 Blog \u2013 Sal\u00f3 del Caravaning Barcelona 2025\" role=\"img\" ><\/div>\n\t\t\t\t\t\t\t\t\t\t\t<div class=\"elementor-gallery-item__overlay\"><\/div>\n\t\t\t\t\t\t\t\t\t\t\t\t\t\t<\/a>\n\t\t\t\t\t\t\t<a class=\"e-gallery-item elementor-gallery-item elementor-animated-content\" href=\"https:\/\/www.caravaning-esguard.com\/wp-content\/uploads\/2025\/10\/Caravaning-Esguard-\u2013-Blog-\u2013-Salo-del-Caravaning-Barcelona-2025-07.jpg\" data-elementor-open-lightbox=\"yes\" data-elementor-lightbox-slideshow=\"3c90e66\" data-elementor-lightbox-title=\"Caravaning Esguard \u2013 Blog \u2013 Sal\u00f3 del Caravaning Barcelona 2025\" data-e-action-hash=\"#elementor-action%3Aaction%3Dlightbox%26settings%3DeyJpZCI6NjIwNSwidXJsIjoiaHR0cHM6XC9cL3d3dy5jYXJhdmFuaW5nLWVzZ3VhcmQuY29tXC93cC1jb250ZW50XC91cGxvYWRzXC8yMDI1XC8xMFwvQ2FyYXZhbmluZy1Fc2d1YXJkLVx1MjAxMy1CbG9nLVx1MjAxMy1TYWxvLWRlbC1DYXJhdmFuaW5nLUJhcmNlbG9uYS0yMDI1LTA3LmpwZyIsInNsaWRlc2hvdyI6IjNjOTBlNjYifQ%3D%3D\">\n\t\t\t\t\t<div class=\"e-gallery-image elementor-gallery-item__image\" data-thumbnail=\"https:\/\/www.caravaning-esguard.com\/wp-content\/uploads\/2025\/10\/Caravaning-Esguard-\u2013-Blog-\u2013-Salo-del-Caravaning-Barcelona-2025-07.jpg\" data-width=\"900\" data-height=\"500\" aria-label=\"Caravaning Esguard \u2013 Blog \u2013 Sal\u00f3 del Caravaning Barcelona 2025\" role=\"img\" ><\/div>\n\t\t\t\t\t\t\t\t\t\t\t<div class=\"elementor-gallery-item__overlay\"><\/div>\n\t\t\t\t\t\t\t\t\t\t\t\t\t\t<\/a>\n\t\t\t\t\t\t\t<a class=\"e-gallery-item elementor-gallery-item elementor-animated-content\" href=\"https:\/\/www.caravaning-esguard.com\/wp-content\/uploads\/2025\/10\/Caravaning-Esguard-\u2013-Blog-\u2013-Salo-del-Caravaning-Barcelona-2025-04.jpg\" data-elementor-open-lightbox=\"yes\" data-elementor-lightbox-slideshow=\"3c90e66\" data-elementor-lightbox-title=\"Caravaning Esguard \u2013 Blog \u2013 Sal\u00f3 del Caravaning Barcelona 2025\" data-e-action-hash=\"#elementor-action%3Aaction%3Dlightbox%26settings%3DeyJpZCI6NjIxMSwidXJsIjoiaHR0cHM6XC9cL3d3dy5jYXJhdmFuaW5nLWVzZ3VhcmQuY29tXC93cC1jb250ZW50XC91cGxvYWRzXC8yMDI1XC8xMFwvQ2FyYXZhbmluZy1Fc2d1YXJkLVx1MjAxMy1CbG9nLVx1MjAxMy1TYWxvLWRlbC1DYXJhdmFuaW5nLUJhcmNlbG9uYS0yMDI1LTA0LmpwZyIsInNsaWRlc2hvdyI6IjNjOTBlNjYifQ%3D%3D\">\n\t\t\t\t\t<div class=\"e-gallery-image elementor-gallery-item__image\" data-thumbnail=\"https:\/\/www.caravaning-esguard.com\/wp-content\/uploads\/2025\/10\/Caravaning-Esguard-\u2013-Blog-\u2013-Salo-del-Caravaning-Barcelona-2025-04.jpg\" data-width=\"900\" data-height=\"500\" aria-label=\"Caravaning Esguard \u2013 Blog \u2013 Sal\u00f3 del Caravaning Barcelona 2025\" role=\"img\" ><\/div>\n\t\t\t\t\t\t\t\t\t\t\t<div class=\"elementor-gallery-item__overlay\"><\/div>\n\t\t\t\t\t\t\t\t\t\t\t\t\t\t<\/a>\n\t\t\t\t\t\t\t<a class=\"e-gallery-item elementor-gallery-item elementor-animated-content\" href=\"https:\/\/www.caravaning-esguard.com\/wp-content\/uploads\/2025\/10\/Caravaning-Esguard-\u2013-Blog-\u2013-Salo-del-Caravaning-Barcelona-2025-09.jpg\" data-elementor-open-lightbox=\"yes\" data-elementor-lightbox-slideshow=\"3c90e66\" data-elementor-lightbox-title=\"Caravaning Esguard \u2013 Blog \u2013 Sal\u00f3 del Caravaning Barcelona 2025\" data-e-action-hash=\"#elementor-action%3Aaction%3Dlightbox%26settings%3DeyJpZCI6NjIwMywidXJsIjoiaHR0cHM6XC9cL3d3dy5jYXJhdmFuaW5nLWVzZ3VhcmQuY29tXC93cC1jb250ZW50XC91cGxvYWRzXC8yMDI1XC8xMFwvQ2FyYXZhbmluZy1Fc2d1YXJkLVx1MjAxMy1CbG9nLVx1MjAxMy1TYWxvLWRlbC1DYXJhdmFuaW5nLUJhcmNlbG9uYS0yMDI1LTA5LmpwZyIsInNsaWRlc2hvdyI6IjNjOTBlNjYifQ%3D%3D\">\n\t\t\t\t\t<div class=\"e-gallery-image elementor-gallery-item__image\" data-thumbnail=\"https:\/\/www.caravaning-esguard.com\/wp-content\/uploads\/2025\/10\/Caravaning-Esguard-\u2013-Blog-\u2013-Salo-del-Caravaning-Barcelona-2025-09.jpg\" data-width=\"900\" data-height=\"500\" aria-label=\"Caravaning Esguard \u2013 Blog \u2013 Sal\u00f3 del Caravaning Barcelona 2025\" role=\"img\" ><\/div>\n\t\t\t\t\t\t\t\t\t\t\t<div class=\"elementor-gallery-item__overlay\"><\/div>\n\t\t\t\t\t\t\t\t\t\t\t\t\t\t<\/a>\n\t\t\t\t\t\t\t<a class=\"e-gallery-item elementor-gallery-item elementor-animated-content\" href=\"https:\/\/www.caravaning-esguard.com\/wp-content\/uploads\/2025\/10\/Caravaning-Esguard-\u2013-Blog-\u2013-Salo-del-Caravaning-Barcelona-2025-02.jpg\" data-elementor-open-lightbox=\"yes\" data-elementor-lightbox-slideshow=\"3c90e66\" data-elementor-lightbox-title=\"Caravaning Esguard \u2013 Blog \u2013 Sal\u00f3 del Caravaning Barcelona 2025\" data-e-action-hash=\"#elementor-action%3Aaction%3Dlightbox%26settings%3DeyJpZCI6NjIwOSwidXJsIjoiaHR0cHM6XC9cL3d3dy5jYXJhdmFuaW5nLWVzZ3VhcmQuY29tXC93cC1jb250ZW50XC91cGxvYWRzXC8yMDI1XC8xMFwvQ2FyYXZhbmluZy1Fc2d1YXJkLVx1MjAxMy1CbG9nLVx1MjAxMy1TYWxvLWRlbC1DYXJhdmFuaW5nLUJhcmNlbG9uYS0yMDI1LTAyLmpwZyIsInNsaWRlc2hvdyI6IjNjOTBlNjYifQ%3D%3D\">\n\t\t\t\t\t<div class=\"e-gallery-image elementor-gallery-item__image\" data-thumbnail=\"https:\/\/www.caravaning-esguard.com\/wp-content\/uploads\/2025\/10\/Caravaning-Esguard-\u2013-Blog-\u2013-Salo-del-Caravaning-Barcelona-2025-02.jpg\" data-width=\"900\" data-height=\"500\" aria-label=\"Caravaning Esguard \u2013 Blog \u2013 Sal\u00f3 del Caravaning Barcelona 2025\" role=\"img\" ><\/div>\n\t\t\t\t\t\t\t\t\t\t\t<div class=\"elementor-gallery-item__overlay\"><\/div>\n\t\t\t\t\t\t\t\t\t\t\t\t\t\t<\/a>\n\t\t\t\t\t\t\t<a class=\"e-gallery-item elementor-gallery-item elementor-animated-content\" href=\"https:\/\/www.caravaning-esguard.com\/wp-content\/uploads\/2025\/10\/Caravaning-Esguard-\u2013-Blog-\u2013-Salo-del-Caravaning-Barcelona-2025-05.jpg\" data-elementor-open-lightbox=\"yes\" data-elementor-lightbox-slideshow=\"3c90e66\" data-elementor-lightbox-title=\"Caravaning Esguard \u2013 Blog \u2013 Sal\u00f3 del Caravaning Barcelona 2025\" data-e-action-hash=\"#elementor-action%3Aaction%3Dlightbox%26settings%3DeyJpZCI6NjIwNywidXJsIjoiaHR0cHM6XC9cL3d3dy5jYXJhdmFuaW5nLWVzZ3VhcmQuY29tXC93cC1jb250ZW50XC91cGxvYWRzXC8yMDI1XC8xMFwvQ2FyYXZhbmluZy1Fc2d1YXJkLVx1MjAxMy1CbG9nLVx1MjAxMy1TYWxvLWRlbC1DYXJhdmFuaW5nLUJhcmNlbG9uYS0yMDI1LTA1LmpwZyIsInNsaWRlc2hvdyI6IjNjOTBlNjYifQ%3D%3D\">\n\t\t\t\t\t<div class=\"e-gallery-image elementor-gallery-item__image\" data-thumbnail=\"https:\/\/www.caravaning-esguard.com\/wp-content\/uploads\/2025\/10\/Caravaning-Esguard-\u2013-Blog-\u2013-Salo-del-Caravaning-Barcelona-2025-05.jpg\" data-width=\"900\" data-height=\"500\" aria-label=\"Caravaning Esguard \u2013 Blog \u2013 Sal\u00f3 del Caravaning Barcelona 2025\" role=\"img\" ><\/div>\n\t\t\t\t\t\t\t\t\t\t\t<div class=\"elementor-gallery-item__overlay\"><\/div>\n\t\t\t\t\t\t\t\t\t\t\t\t\t\t<\/a>\n\t\t\t\t\t\t\t<a class=\"e-gallery-item elementor-gallery-item elementor-animated-content\" href=\"https:\/\/www.caravaning-esguard.com\/wp-content\/uploads\/2025\/10\/Caravaning-Esguard-\u2013-Blog-\u2013-Salo-del-Caravaning-Barcelona-2025-01.jpg\" data-elementor-open-lightbox=\"yes\" data-elementor-lightbox-slideshow=\"3c90e66\" data-elementor-lightbox-title=\"Caravaning Esguard \u2013 Blog \u2013 Sal\u00f3 del Caravaning Barcelona 2025\" data-e-action-hash=\"#elementor-action%3Aaction%3Dlightbox%26settings%3DeyJpZCI6NjIwOCwidXJsIjoiaHR0cHM6XC9cL3d3dy5jYXJhdmFuaW5nLWVzZ3VhcmQuY29tXC93cC1jb250ZW50XC91cGxvYWRzXC8yMDI1XC8xMFwvQ2FyYXZhbmluZy1Fc2d1YXJkLVx1MjAxMy1CbG9nLVx1MjAxMy1TYWxvLWRlbC1DYXJhdmFuaW5nLUJhcmNlbG9uYS0yMDI1LTAxLmpwZyIsInNsaWRlc2hvdyI6IjNjOTBlNjYifQ%3D%3D\">\n\t\t\t\t\t<div class=\"e-gallery-image elementor-gallery-item__image\" data-thumbnail=\"https:\/\/www.caravaning-esguard.com\/wp-content\/uploads\/2025\/10\/Caravaning-Esguard-\u2013-Blog-\u2013-Salo-del-Caravaning-Barcelona-2025-01.jpg\" data-width=\"900\" data-height=\"500\" aria-label=\"Caravaning Esguard \u2013 Blog \u2013 Sal\u00f3 del Caravaning Barcelona 2025\" role=\"img\" ><\/div>\n\t\t\t\t\t\t\t\t\t\t\t<div class=\"elementor-gallery-item__overlay\"><\/div>\n\t\t\t\t\t\t\t\t\t\t\t\t\t\t<\/a>\n\t\t\t\t\t<\/div>\n\t\t\t\t\t<\/div>\n\t\t\t\t\t<\/div>\n\t\t\t\t<\/div>\n\t\t\t\t<\/div>","protected":false},"excerpt":{"rendered":"<p>Un any m\u00e9s, a\u00a0Caravaning\u00a0Esguard\u00a0hem tingut l&#8217;oportunitat d&#8217;assistir el Sal\u00f3 del\u00a0Caravaning\u00a0de Barcelona, un esdeveniment que reuneix els amants del\u00a0caravaning\u00a0i les \u00faltimes novetats del sector. Va ser una experi\u00e8ncia enriquidora que volem compartir amb tu. Descobrint les \u00faltimes tend\u00e8ncies El sal\u00f3 va ser un aparador d&#8217;innovaci\u00f3: des d&#8217;autocaravanes i\u00a0campers\u00a0d&#8217;\u00faltima generaci\u00f3, fins a accessoris i solucions per a<br \/><a class=\"moretag\" href=\"https:\/\/www.caravaning-esguard.com\/fr\/la-nostra-visita-al-salo-del-caravaning-de-barcelona-inspiracio-i-novetats\/\">+ Read More<\/a><\/p>","protected":false},"author":1,"featured_media":6208,"comment_status":"closed","ping_status":"closed","sticky":false,"template":"","format":"standard","meta":{"footnotes":""},"categories":[1],"tags":[],"class_list":["post-6182","post","type-post","status-publish","format-standard","has-post-thumbnail","hentry","category-blog"],"yoast_head":"<!-- This site is optimized with the Yoast SEO plugin v27.5 - https:\/\/yoast.com\/product\/yoast-seo-wordpress\/ -->\n<title>La nostra visita al Sal\u00f3 del Caravaning de Barcelona: inspiraci\u00f3 i novetats - Caravaning Esguard<\/title>\n<meta name=\"robots\" content=\"index, follow, max-snippet:-1, max-image-preview:large, max-video-preview:-1\" \/>\n<link rel=\"canonical\" href=\"https:\/\/www.caravaning-esguard.com\/fr\/la-nostra-visita-al-salo-del-caravaning-de-barcelona-inspiracio-i-novetats\/\" \/>\n<meta property=\"og:locale\" content=\"fr_FR\" \/>\n<meta property=\"og:type\" content=\"article\" \/>\n<meta property=\"og:title\" content=\"La nostra visita al Sal\u00f3 del Caravaning de Barcelona: inspiraci\u00f3 i novetats - Caravaning Esguard\" \/>\n<meta property=\"og:description\" content=\"Un any m\u00e9s, a\u00a0Caravaning\u00a0Esguard\u00a0hem tingut l&#8217;oportunitat d&#8217;assistir el Sal\u00f3 del\u00a0Caravaning\u00a0de Barcelona, un esdeveniment que reuneix els amants del\u00a0caravaning\u00a0i les \u00faltimes novetats del sector. Va ser una experi\u00e8ncia enriquidora que volem compartir amb tu. Descobrint les \u00faltimes tend\u00e8ncies El sal\u00f3 va ser un aparador d&#8217;innovaci\u00f3: des d&#8217;autocaravanes i\u00a0campers\u00a0d&#8217;\u00faltima generaci\u00f3, fins a accessoris i solucions per a+ Read More\" \/>\n<meta property=\"og:url\" content=\"https:\/\/www.caravaning-esguard.com\/fr\/la-nostra-visita-al-salo-del-caravaning-de-barcelona-inspiracio-i-novetats\/\" \/>\n<meta property=\"og:site_name\" content=\"Caravaning Esguard\" \/>\n<meta property=\"article:publisher\" content=\"https:\/\/www.facebook.com\/caravaningesguard\/\" \/>\n<meta property=\"article:published_time\" content=\"2025-10-23T09:09:44+00:00\" \/>\n<meta property=\"article:modified_time\" content=\"2025-10-23T09:10:46+00:00\" \/>\n<meta property=\"og:image\" content=\"https:\/\/www.caravaning-esguard.com\/wp-content\/uploads\/2025\/10\/Caravaning-Esguard-\u2013-Blog-\u2013-Salo-del-Caravaning-Barcelona-2025-01.jpg\" \/>\n\t<meta property=\"og:image:width\" content=\"900\" \/>\n\t<meta property=\"og:image:height\" content=\"500\" \/>\n\t<meta property=\"og:image:type\" content=\"image\/jpeg\" \/>\n<meta name=\"author\" content=\"Esguard Caravaning | Admin\" \/>\n<meta name=\"twitter:card\" content=\"summary_large_image\" \/>\n<meta name=\"twitter:label1\" content=\"\u00c9crit par\" \/>\n\t<meta name=\"twitter:data1\" content=\"Esguard Caravaning | Admin\" \/>\n\t<meta name=\"twitter:label2\" content=\"Dur\u00e9e de lecture estim\u00e9e\" \/>\n\t<meta name=\"twitter:data2\" content=\"2 minutes\" \/>\n<script type=\"application\/ld+json\" class=\"yoast-schema-graph\">{\"@context\":\"https:\\\/\\\/schema.org\",\"@graph\":[{\"@type\":\"Article\",\"@id\":\"https:\\\/\\\/www.caravaning-esguard.com\\\/la-nostra-visita-al-salo-del-caravaning-de-barcelona-inspiracio-i-novetats\\\/#article\",\"isPartOf\":{\"@id\":\"https:\\\/\\\/www.caravaning-esguard.com\\\/la-nostra-visita-al-salo-del-caravaning-de-barcelona-inspiracio-i-novetats\\\/\"},\"author\":{\"name\":\"Esguard Caravaning | Admin\",\"@id\":\"https:\\\/\\\/www.caravaning-esguard.com\\\/#\\\/schema\\\/person\\\/05ac6bcbad9099b2a8da5d84967c45e7\"},\"headline\":\"La nostra visita al Sal\u00f3 del Caravaning de Barcelona: inspiraci\u00f3 i novetats\",\"datePublished\":\"2025-10-23T09:09:44+00:00\",\"dateModified\":\"2025-10-23T09:10:46+00:00\",\"mainEntityOfPage\":{\"@id\":\"https:\\\/\\\/www.caravaning-esguard.com\\\/la-nostra-visita-al-salo-del-caravaning-de-barcelona-inspiracio-i-novetats\\\/\"},\"wordCount\":344,\"publisher\":{\"@id\":\"https:\\\/\\\/www.caravaning-esguard.com\\\/#organization\"},\"image\":{\"@id\":\"https:\\\/\\\/www.caravaning-esguard.com\\\/la-nostra-visita-al-salo-del-caravaning-de-barcelona-inspiracio-i-novetats\\\/#primaryimage\"},\"thumbnailUrl\":\"https:\\\/\\\/www.caravaning-esguard.com\\\/wp-content\\\/uploads\\\/2025\\\/10\\\/Caravaning-Esguard-\u2013-Blog-\u2013-Salo-del-Caravaning-Barcelona-2025-01.jpg\",\"articleSection\":[\"Blog\"],\"inLanguage\":\"fr-FR\"},{\"@type\":\"WebPage\",\"@id\":\"https:\\\/\\\/www.caravaning-esguard.com\\\/la-nostra-visita-al-salo-del-caravaning-de-barcelona-inspiracio-i-novetats\\\/\",\"url\":\"https:\\\/\\\/www.caravaning-esguard.com\\\/la-nostra-visita-al-salo-del-caravaning-de-barcelona-inspiracio-i-novetats\\\/\",\"name\":\"La nostra visita al Sal\u00f3 del Caravaning de Barcelona: inspiraci\u00f3 i novetats - Caravaning Esguard\",\"isPartOf\":{\"@id\":\"https:\\\/\\\/www.caravaning-esguard.com\\\/#website\"},\"primaryImageOfPage\":{\"@id\":\"https:\\\/\\\/www.caravaning-esguard.com\\\/la-nostra-visita-al-salo-del-caravaning-de-barcelona-inspiracio-i-novetats\\\/#primaryimage\"},\"image\":{\"@id\":\"https:\\\/\\\/www.caravaning-esguard.com\\\/la-nostra-visita-al-salo-del-caravaning-de-barcelona-inspiracio-i-novetats\\\/#primaryimage\"},\"thumbnailUrl\":\"https:\\\/\\\/www.caravaning-esguard.com\\\/wp-content\\\/uploads\\\/2025\\\/10\\\/Caravaning-Esguard-\u2013-Blog-\u2013-Salo-del-Caravaning-Barcelona-2025-01.jpg\",\"datePublished\":\"2025-10-23T09:09:44+00:00\",\"dateModified\":\"2025-10-23T09:10:46+00:00\",\"breadcrumb\":{\"@id\":\"https:\\\/\\\/www.caravaning-esguard.com\\\/la-nostra-visita-al-salo-del-caravaning-de-barcelona-inspiracio-i-novetats\\\/#breadcrumb\"},\"inLanguage\":\"fr-FR\",\"potentialAction\":[{\"@type\":\"ReadAction\",\"target\":[\"https:\\\/\\\/www.caravaning-esguard.com\\\/la-nostra-visita-al-salo-del-caravaning-de-barcelona-inspiracio-i-novetats\\\/\"]}]},{\"@type\":\"ImageObject\",\"inLanguage\":\"fr-FR\",\"@id\":\"https:\\\/\\\/www.caravaning-esguard.com\\\/la-nostra-visita-al-salo-del-caravaning-de-barcelona-inspiracio-i-novetats\\\/#primaryimage\",\"url\":\"https:\\\/\\\/www.caravaning-esguard.com\\\/wp-content\\\/uploads\\\/2025\\\/10\\\/Caravaning-Esguard-\u2013-Blog-\u2013-Salo-del-Caravaning-Barcelona-2025-01.jpg\",\"contentUrl\":\"https:\\\/\\\/www.caravaning-esguard.com\\\/wp-content\\\/uploads\\\/2025\\\/10\\\/Caravaning-Esguard-\u2013-Blog-\u2013-Salo-del-Caravaning-Barcelona-2025-01.jpg\",\"width\":900,\"height\":500,\"caption\":\"Caravaning Esguard \u2013 Blog \u2013 Sal\u00f3 del Caravaning Barcelona 2025\"},{\"@type\":\"BreadcrumbList\",\"@id\":\"https:\\\/\\\/www.caravaning-esguard.com\\\/la-nostra-visita-al-salo-del-caravaning-de-barcelona-inspiracio-i-novetats\\\/#breadcrumb\",\"itemListElement\":[{\"@type\":\"ListItem\",\"position\":1,\"name\":\"Home\",\"item\":\"https:\\\/\\\/www.caravaning-esguard.com\\\/\"},{\"@type\":\"ListItem\",\"position\":2,\"name\":\"La nostra visita al Sal\u00f3 del Caravaning de Barcelona: inspiraci\u00f3 i novetats\"}]},{\"@type\":\"WebSite\",\"@id\":\"https:\\\/\\\/www.caravaning-esguard.com\\\/#website\",\"url\":\"https:\\\/\\\/www.caravaning-esguard.com\\\/\",\"name\":\"Caravaning Esguard\",\"description\":\"Santa Cristina d&#039;Aro\",\"publisher\":{\"@id\":\"https:\\\/\\\/www.caravaning-esguard.com\\\/#organization\"},\"potentialAction\":[{\"@type\":\"SearchAction\",\"target\":{\"@type\":\"EntryPoint\",\"urlTemplate\":\"https:\\\/\\\/www.caravaning-esguard.com\\\/?s={search_term_string}\"},\"query-input\":{\"@type\":\"PropertyValueSpecification\",\"valueRequired\":true,\"valueName\":\"search_term_string\"}}],\"inLanguage\":\"fr-FR\"},{\"@type\":\"Organization\",\"@id\":\"https:\\\/\\\/www.caravaning-esguard.com\\\/#organization\",\"name\":\"Caravaning Esguard\",\"url\":\"https:\\\/\\\/www.caravaning-esguard.com\\\/\",\"logo\":{\"@type\":\"ImageObject\",\"inLanguage\":\"fr-FR\",\"@id\":\"https:\\\/\\\/www.caravaning-esguard.com\\\/#\\\/schema\\\/logo\\\/image\\\/\",\"url\":\"https:\\\/\\\/www.caravaning-esguard.com\\\/wp-content\\\/uploads\\\/2023\\\/09\\\/Caravaning-Esguard-Santa-Cristina-dAro-Logo.png\",\"contentUrl\":\"https:\\\/\\\/www.caravaning-esguard.com\\\/wp-content\\\/uploads\\\/2023\\\/09\\\/Caravaning-Esguard-Santa-Cristina-dAro-Logo.png\",\"width\":228,\"height\":80,\"caption\":\"Caravaning Esguard\"},\"image\":{\"@id\":\"https:\\\/\\\/www.caravaning-esguard.com\\\/#\\\/schema\\\/logo\\\/image\\\/\"},\"sameAs\":[\"https:\\\/\\\/www.facebook.com\\\/caravaningesguard\\\/\",\"https:\\\/\\\/www.instagram.com\\\/caravaningesguard\\\/\"]},{\"@type\":\"Person\",\"@id\":\"https:\\\/\\\/www.caravaning-esguard.com\\\/#\\\/schema\\\/person\\\/05ac6bcbad9099b2a8da5d84967c45e7\",\"name\":\"Esguard Caravaning | Admin\",\"sameAs\":[\"https:\\\/\\\/www.estudi33.net\"],\"url\":\"https:\\\/\\\/www.caravaning-esguard.com\\\/fr\\\/author\\\/esguard-caravaning-scda\\\/\"}]}<\/script>\n<!-- \/ Yoast SEO plugin. -->","yoast_head_json":{"title":"La nostra visita al Sal\u00f3 del Caravaning de Barcelona: inspiraci\u00f3 i novetats - Caravaning Esguard","robots":{"index":"index","follow":"follow","max-snippet":"max-snippet:-1","max-image-preview":"max-image-preview:large","max-video-preview":"max-video-preview:-1"},"canonical":"https:\/\/www.caravaning-esguard.com\/fr\/la-nostra-visita-al-salo-del-caravaning-de-barcelona-inspiracio-i-novetats\/","og_locale":"fr_FR","og_type":"article","og_title":"La nostra visita al Sal\u00f3 del Caravaning de Barcelona: inspiraci\u00f3 i novetats - Caravaning Esguard","og_description":"Un any m\u00e9s, a\u00a0Caravaning\u00a0Esguard\u00a0hem tingut l&#8217;oportunitat d&#8217;assistir el Sal\u00f3 del\u00a0Caravaning\u00a0de Barcelona, un esdeveniment que reuneix els amants del\u00a0caravaning\u00a0i les \u00faltimes novetats del sector. Va ser una experi\u00e8ncia enriquidora que volem compartir amb tu. Descobrint les \u00faltimes tend\u00e8ncies El sal\u00f3 va ser un aparador d&#8217;innovaci\u00f3: des d&#8217;autocaravanes i\u00a0campers\u00a0d&#8217;\u00faltima generaci\u00f3, fins a accessoris i solucions per a+ Read More","og_url":"https:\/\/www.caravaning-esguard.com\/fr\/la-nostra-visita-al-salo-del-caravaning-de-barcelona-inspiracio-i-novetats\/","og_site_name":"Caravaning Esguard","article_publisher":"https:\/\/www.facebook.com\/caravaningesguard\/","article_published_time":"2025-10-23T09:09:44+00:00","article_modified_time":"2025-10-23T09:10:46+00:00","og_image":[{"width":900,"height":500,"url":"https:\/\/www.caravaning-esguard.com\/wp-content\/uploads\/2025\/10\/Caravaning-Esguard-\u2013-Blog-\u2013-Salo-del-Caravaning-Barcelona-2025-01.jpg","type":"image\/jpeg"}],"author":"Esguard Caravaning | Admin","twitter_card":"summary_large_image","twitter_misc":{"\u00c9crit par":"Esguard Caravaning | Admin","Dur\u00e9e de lecture estim\u00e9e":"2 minutes"},"schema":{"@context":"https:\/\/schema.org","@graph":[{"@type":"Article","@id":"https:\/\/www.caravaning-esguard.com\/la-nostra-visita-al-salo-del-caravaning-de-barcelona-inspiracio-i-novetats\/#article","isPartOf":{"@id":"https:\/\/www.caravaning-esguard.com\/la-nostra-visita-al-salo-del-caravaning-de-barcelona-inspiracio-i-novetats\/"},"author":{"name":"Esguard Caravaning | Admin","@id":"https:\/\/www.caravaning-esguard.com\/#\/schema\/person\/05ac6bcbad9099b2a8da5d84967c45e7"},"headline":"La nostra visita al Sal\u00f3 del Caravaning de Barcelona: inspiraci\u00f3 i novetats","datePublished":"2025-10-23T09:09:44+00:00","dateModified":"2025-10-23T09:10:46+00:00","mainEntityOfPage":{"@id":"https:\/\/www.caravaning-esguard.com\/la-nostra-visita-al-salo-del-caravaning-de-barcelona-inspiracio-i-novetats\/"},"wordCount":344,"publisher":{"@id":"https:\/\/www.caravaning-esguard.com\/#organization"},"image":{"@id":"https:\/\/www.caravaning-esguard.com\/la-nostra-visita-al-salo-del-caravaning-de-barcelona-inspiracio-i-novetats\/#primaryimage"},"thumbnailUrl":"https:\/\/www.caravaning-esguard.com\/wp-content\/uploads\/2025\/10\/Caravaning-Esguard-\u2013-Blog-\u2013-Salo-del-Caravaning-Barcelona-2025-01.jpg","articleSection":["Blog"],"inLanguage":"fr-FR"},{"@type":"WebPage","@id":"https:\/\/www.caravaning-esguard.com\/la-nostra-visita-al-salo-del-caravaning-de-barcelona-inspiracio-i-novetats\/","url":"https:\/\/www.caravaning-esguard.com\/la-nostra-visita-al-salo-del-caravaning-de-barcelona-inspiracio-i-novetats\/","name":"La nostra visita al Sal\u00f3 del Caravaning de Barcelona: inspiraci\u00f3 i novetats - Caravaning Esguard","isPartOf":{"@id":"https:\/\/www.caravaning-esguard.com\/#website"},"primaryImageOfPage":{"@id":"https:\/\/www.caravaning-esguard.com\/la-nostra-visita-al-salo-del-caravaning-de-barcelona-inspiracio-i-novetats\/#primaryimage"},"image":{"@id":"https:\/\/www.caravaning-esguard.com\/la-nostra-visita-al-salo-del-caravaning-de-barcelona-inspiracio-i-novetats\/#primaryimage"},"thumbnailUrl":"https:\/\/www.caravaning-esguard.com\/wp-content\/uploads\/2025\/10\/Caravaning-Esguard-\u2013-Blog-\u2013-Salo-del-Caravaning-Barcelona-2025-01.jpg","datePublished":"2025-10-23T09:09:44+00:00","dateModified":"2025-10-23T09:10:46+00:00","breadcrumb":{"@id":"https:\/\/www.caravaning-esguard.com\/la-nostra-visita-al-salo-del-caravaning-de-barcelona-inspiracio-i-novetats\/#breadcrumb"},"inLanguage":"fr-FR","potentialAction":[{"@type":"ReadAction","target":["https:\/\/www.caravaning-esguard.com\/la-nostra-visita-al-salo-del-caravaning-de-barcelona-inspiracio-i-novetats\/"]}]},{"@type":"ImageObject","inLanguage":"fr-FR","@id":"https:\/\/www.caravaning-esguard.com\/la-nostra-visita-al-salo-del-caravaning-de-barcelona-inspiracio-i-novetats\/#primaryimage","url":"https:\/\/www.caravaning-esguard.com\/wp-content\/uploads\/2025\/10\/Caravaning-Esguard-\u2013-Blog-\u2013-Salo-del-Caravaning-Barcelona-2025-01.jpg","contentUrl":"https:\/\/www.caravaning-esguard.com\/wp-content\/uploads\/2025\/10\/Caravaning-Esguard-\u2013-Blog-\u2013-Salo-del-Caravaning-Barcelona-2025-01.jpg","width":900,"height":500,"caption":"Caravaning Esguard \u2013 Blog \u2013 Sal\u00f3 del Caravaning Barcelona 2025"},{"@type":"BreadcrumbList","@id":"https:\/\/www.caravaning-esguard.com\/la-nostra-visita-al-salo-del-caravaning-de-barcelona-inspiracio-i-novetats\/#breadcrumb","itemListElement":[{"@type":"ListItem","position":1,"name":"Home","item":"https:\/\/www.caravaning-esguard.com\/"},{"@type":"ListItem","position":2,"name":"La nostra visita al Sal\u00f3 del Caravaning de Barcelona: inspiraci\u00f3 i novetats"}]},{"@type":"WebSite","@id":"https:\/\/www.caravaning-esguard.com\/#website","url":"https:\/\/www.caravaning-esguard.com\/","name":"Caravaning Esguard","description":"Santa Cristina d&#039;Aro","publisher":{"@id":"https:\/\/www.caravaning-esguard.com\/#organization"},"potentialAction":[{"@type":"SearchAction","target":{"@type":"EntryPoint","urlTemplate":"https:\/\/www.caravaning-esguard.com\/?s={search_term_string}"},"query-input":{"@type":"PropertyValueSpecification","valueRequired":true,"valueName":"search_term_string"}}],"inLanguage":"fr-FR"},{"@type":"Organization","@id":"https:\/\/www.caravaning-esguard.com\/#organization","name":"Caravaning Esguard","url":"https:\/\/www.caravaning-esguard.com\/","logo":{"@type":"ImageObject","inLanguage":"fr-FR","@id":"https:\/\/www.caravaning-esguard.com\/#\/schema\/logo\/image\/","url":"https:\/\/www.caravaning-esguard.com\/wp-content\/uploads\/2023\/09\/Caravaning-Esguard-Santa-Cristina-dAro-Logo.png","contentUrl":"https:\/\/www.caravaning-esguard.com\/wp-content\/uploads\/2023\/09\/Caravaning-Esguard-Santa-Cristina-dAro-Logo.png","width":228,"height":80,"caption":"Caravaning Esguard"},"image":{"@id":"https:\/\/www.caravaning-esguard.com\/#\/schema\/logo\/image\/"},"sameAs":["https:\/\/www.facebook.com\/caravaningesguard\/","https:\/\/www.instagram.com\/caravaningesguard\/"]},{"@type":"Person","@id":"https:\/\/www.caravaning-esguard.com\/#\/schema\/person\/05ac6bcbad9099b2a8da5d84967c45e7","name":"Esguard Caravaning | Admin","sameAs":["https:\/\/www.estudi33.net"],"url":"https:\/\/www.caravaning-esguard.com\/fr\/author\/esguard-caravaning-scda\/"}]}},"_links":{"self":[{"href":"https:\/\/www.caravaning-esguard.com\/fr\/wp-json\/wp\/v2\/posts\/6182","targetHints":{"allow":["GET"]}}],"collection":[{"href":"https:\/\/www.caravaning-esguard.com\/fr\/wp-json\/wp\/v2\/posts"}],"about":[{"href":"https:\/\/www.caravaning-esguard.com\/fr\/wp-json\/wp\/v2\/types\/post"}],"author":[{"embeddable":true,"href":"https:\/\/www.caravaning-esguard.com\/fr\/wp-json\/wp\/v2\/users\/1"}],"replies":[{"embeddable":true,"href":"https:\/\/www.caravaning-esguard.com\/fr\/wp-json\/wp\/v2\/comments?post=6182"}],"version-history":[{"count":0,"href":"https:\/\/www.caravaning-esguard.com\/fr\/wp-json\/wp\/v2\/posts\/6182\/revisions"}],"wp:featuredmedia":[{"embeddable":true,"href":"https:\/\/www.caravaning-esguard.com\/fr\/wp-json\/wp\/v2\/media\/6208"}],"wp:attachment":[{"href":"https:\/\/www.caravaning-esguard.com\/fr\/wp-json\/wp\/v2\/media?parent=6182"}],"wp:term":[{"taxonomy":"category","embeddable":true,"href":"https:\/\/www.caravaning-esguard.com\/fr\/wp-json\/wp\/v2\/categories?post=6182"},{"taxonomy":"post_tag","embeddable":true,"href":"https:\/\/www.caravaning-esguard.com\/fr\/wp-json\/wp\/v2\/tags?post=6182"}],"curies":[{"name":"wp","href":"https:\/\/api.w.org\/{rel}","templated":true}]}}